{"id":984,"date":"2019-11-13T10:50:38","date_gmt":"2019-11-13T09:50:38","guid":{"rendered":"https:\/\/www.pfadfinder-selm.de\/?p=984"},"modified":"2019-11-13T18:14:33","modified_gmt":"2019-11-13T17:14:33","slug":"kassiopeia-besuchen-die-feuerwehr","status":"publish","type":"post","link":"https:\/\/www.pfadfinder-selm.de\/index.php\/2019\/11\/13\/kassiopeia-besuchen-die-feuerwehr\/","title":{"rendered":"Kassiopeia besuchen die freiwillige Feuerwehr"},"content":{"rendered":"\n<p style=\"text-align:justify\">\n\nEs ist zweifellos eines der wichtigsten Ehren\u00e4mter unserer Stadt, der Dienst bei der freiwilligen Feuerwehr. Nicht nur wir Leiter, auch unsere Kinder sind von der Feuerwehr begeistert. \n\n<\/p>\n\n\n\n<div class=\"wp-block-image\"><figure class=\"aligncenter\"><img data-recalc-dims=\"1\" loading=\"lazy\" decoding=\"async\" width=\"225\" height=\"300\" data-attachment-id=\"1001\" data-permalink=\"https:\/\/www.pfadfinder-selm.de\/photo-2019-11-13-17-42-52\/\" data-orig-file=\"https:\/\/i0.wp.com\/www.pfadfinder-selm.de\/wp-content\/uploads\/2019\/11\/PHOTO-2019-11-13-17-42-52.jpg?fit=1200%2C1600&amp;ssl=1\" data-orig-size=\"1200,1600\" data-comments-opened=\"1\" data-image-meta=\"{&quot;aperture&quot;:&quot;0&quot;,&quot;credit&quot;:&quot;&quot;,&quot;camera&quot;:&quot;&quot;,&quot;caption&quot;:&quot;&quot;,&quot;created_timestamp&quot;:&quot;0&quot;,&quot;copyright&quot;:&quot;&quot;,&quot;focal_length&quot;:&quot;0&quot;,&quot;iso&quot;:&quot;0&quot;,&quot;shutter_speed&quot;:&quot;0&quot;,&quot;title&quot;:&quot;&quot;,&quot;orientation&quot;:&quot;0&quot;}\" data-image-title=\"Feuerwehr_7\" data-image-description=\"\" data-image-caption=\"\" data-large-file=\"https:\/\/i0.wp.com\/www.pfadfinder-selm.de\/wp-content\/uploads\/2019\/11\/PHOTO-2019-11-13-17-42-52.jpg?fit=768%2C1024&amp;ssl=1\" src=\"https:\/\/i0.wp.com\/www.pfadfinder-selm.de\/wp-content\/uploads\/2019\/11\/PHOTO-2019-11-13-17-42-52.jpg?resize=225%2C300&#038;ssl=1\" alt=\"Ein Feuerwehrmann zeigt den Interessierten Kindern den Inhalt eines Einsatzfahrzeuges und erkl\u00e4rt wof\u00fcr die einzelnen Ger\u00e4te gedacht sind.\" class=\"wp-image-1001\"\/><\/figure><\/div>\n\n\n\n<p style=\"text-align:justify\">Bereits vor den Sommerferien haben unsere W\u00f6lflinge bei einer\nIdeenfindung den Besuch der st\u00e4dtischen Feuerwehr gemeinsam als gro\u00dfen Wunsch\ngew\u00e4hlt. Heute war es dann endlich soweit. Unsere 30 W\u00f6lflinge durften alles\nrundum das Feuerwehrhandwerk lernen. Wo ziehen sich Feuerwehrleute eigentlich in k\u00fcrzester Zeit um? Was findet man im Feuerwehrauto?\nWie l\u00f6scht man einen Brand? Wo kommt das Wasser her? Nat\u00fcrlich durften wir auch\nselbst mal einen Helm aufsetzen, im Auto sitzen oder einen Schlauch halten.<\/p>\n\n\n\n<div class=\"wp-block-image\"><figure class=\"aligncenter\"><img data-recalc-dims=\"1\" loading=\"lazy\" decoding=\"async\" width=\"300\" height=\"225\" data-attachment-id=\"994\" data-permalink=\"https:\/\/www.pfadfinder-selm.de\/photo-2019-11-13-17-40-26\/\" data-orig-file=\"https:\/\/i0.wp.com\/www.pfadfinder-selm.de\/wp-content\/uploads\/2019\/11\/PHOTO-2019-11-13-17-40-26.jpg?fit=1600%2C1200&amp;ssl=1\" data-orig-size=\"1600,1200\" data-comments-opened=\"1\" data-image-meta=\"{&quot;aperture&quot;:&quot;0&quot;,&quot;credit&quot;:&quot;&quot;,&quot;camera&quot;:&quot;&quot;,&quot;caption&quot;:&quot;&quot;,&quot;created_timestamp&quot;:&quot;0&quot;,&quot;copyright&quot;:&quot;&quot;,&quot;focal_length&quot;:&quot;0&quot;,&quot;iso&quot;:&quot;0&quot;,&quot;shutter_speed&quot;:&quot;0&quot;,&quot;title&quot;:&quot;&quot;,&quot;orientation&quot;:&quot;0&quot;}\" data-image-title=\"Feuerwehr_14\" data-image-description=\"\" data-image-caption=\"\" data-large-file=\"https:\/\/i0.wp.com\/www.pfadfinder-selm.de\/wp-content\/uploads\/2019\/11\/PHOTO-2019-11-13-17-40-26.jpg?fit=1024%2C768&amp;ssl=1\" src=\"https:\/\/i0.wp.com\/www.pfadfinder-selm.de\/wp-content\/uploads\/2019\/11\/PHOTO-2019-11-13-17-40-26.jpg?resize=300%2C225&#038;ssl=1\" alt=\"\" class=\"wp-image-994\"\/><\/figure><\/div>\n\n\n\n<p style=\"text-align:justify\">Wir m\u00f6chten uns herzlich bei der Feuerwehr Selm f\u00fcr die gro\u00dfartige Gruppenstunde bei euch bedanken! Unsere Kids sind Fans von euch.  <\/p>\n\n\n\n<p style=\"text-align:justify\">Hier gibt es noch ein paar Weitere Bilder vom Besuch der Kassiopeia<\/p>\n\n\n\n<ul class=\"wp-block-gallery columns-4 is-cropped wp-block-gallery-1 is-layout-flex wp-block-gallery-is-layout-flex\"><li class=\"blocks-gallery-item\"><figure><img data-recalc-dims=\"1\" loading=\"lazy\" decoding=\"async\" width=\"768\" height=\"1024\" data-attachment-id=\"1007\" data-permalink=\"https:\/\/www.pfadfinder-selm.de\/photo-2019-11-13-17-42-59\/\" data-orig-file=\"https:\/\/i0.wp.com\/www.pfadfinder-selm.de\/wp-content\/uploads\/2019\/11\/PHOTO-2019-11-13-17-42-59.jpg?fit=1200%2C1600&amp;ssl=1\" data-orig-size=\"1200,1600\" data-comments-opened=\"1\" data-image-meta=\"{&quot;aperture&quot;:&quot;0&quot;,&quot;credit&quot;:&quot;&quot;,&quot;camera&quot;:&quot;&quot;,&quot;caption&quot;:&quot;&quot;,&quot;created_timestamp&quot;:&quot;0&quot;,&quot;copyright&quot;:&quot;&quot;,&quot;focal_length&quot;:&quot;0&quot;,&quot;iso&quot;:&quot;0&quot;,&quot;shutter_speed&quot;:&quot;0&quot;,&quot;title&quot;:&quot;&quot;,&quot;orientation&quot;:&quot;0&quot;}\" data-image-title=\"Feuerwehr_1\" data-image-description=\"\" data-image-caption=\"\" data-large-file=\"https:\/\/i0.wp.com\/www.pfadfinder-selm.de\/wp-content\/uploads\/2019\/11\/PHOTO-2019-11-13-17-42-59.jpg?fit=768%2C1024&amp;ssl=1\" src=\"https:\/\/i0.wp.com\/www.pfadfinder-selm.de\/wp-content\/uploads\/2019\/11\/PHOTO-2019-11-13-17-42-59.jpg?resize=768%2C1024&#038;ssl=1\" alt=\"\" data-id=\"1007\" data-link=\"https:\/\/www.pfadfinder-selm.de\/photo-2019-11-13-17-42-59\/\" class=\"wp-image-1007\"\/><\/figure><\/li><li class=\"blocks-gallery-item\"><figure><img data-recalc-dims=\"1\" loading=\"lazy\" decoding=\"async\" width=\"768\" height=\"1024\" data-attachment-id=\"1006\" data-permalink=\"https:\/\/www.pfadfinder-selm.de\/photo-2019-11-13-17-42-59-2\/\" data-orig-file=\"https:\/\/i0.wp.com\/www.pfadfinder-selm.de\/wp-content\/uploads\/2019\/11\/PHOTO-2019-11-13-17-42-59-2.jpg?fit=1200%2C1600&amp;ssl=1\" data-orig-size=\"1200,1600\" data-comments-opened=\"1\" data-image-meta=\"{&quot;aperture&quot;:&quot;0&quot;,&quot;credit&quot;:&quot;&quot;,&quot;camera&quot;:&quot;&quot;,&quot;caption&quot;:&quot;&quot;,&quot;created_timestamp&quot;:&quot;0&quot;,&quot;copyright&quot;:&quot;&quot;,&quot;focal_length&quot;:&quot;0&quot;,&quot;iso&quot;:&quot;0&quot;,&quot;shutter_speed&quot;:&quot;0&quot;,&quot;title&quot;:&quot;&quot;,&quot;orientation&quot;:&quot;0&quot;}\" data-image-title=\"Feuerwehr_2\" data-image-description=\"\" data-image-caption=\"\" data-large-file=\"https:\/\/i0.wp.com\/www.pfadfinder-selm.de\/wp-content\/uploads\/2019\/11\/PHOTO-2019-11-13-17-42-59-2.jpg?fit=768%2C1024&amp;ssl=1\" src=\"https:\/\/i0.wp.com\/www.pfadfinder-selm.de\/wp-content\/uploads\/2019\/11\/PHOTO-2019-11-13-17-42-59-2.jpg?resize=768%2C1024&#038;ssl=1\" alt=\"\" data-id=\"1006\" data-link=\"https:\/\/www.pfadfinder-selm.de\/photo-2019-11-13-17-42-59-2\/\" class=\"wp-image-1006\"\/><\/figure><\/li><li class=\"blocks-gallery-item\"><figure><img data-recalc-dims=\"1\" loading=\"lazy\" decoding=\"async\" width=\"768\" height=\"1024\" data-attachment-id=\"1005\" data-permalink=\"https:\/\/www.pfadfinder-selm.de\/photo-2019-11-13-17-42-58\/\" data-orig-file=\"https:\/\/i0.wp.com\/www.pfadfinder-selm.de\/wp-content\/uploads\/2019\/11\/PHOTO-2019-11-13-17-42-58.jpg?fit=1200%2C1600&amp;ssl=1\" data-orig-size=\"1200,1600\" data-comments-opened=\"1\" data-image-meta=\"{&quot;aperture&quot;:&quot;0&quot;,&quot;credit&quot;:&quot;&quot;,&quot;camera&quot;:&quot;&quot;,&quot;caption&quot;:&quot;&quot;,&quot;created_timestamp&quot;:&quot;0&quot;,&quot;copyright&quot;:&quot;&quot;,&quot;focal_length&quot;:&quot;0&quot;,&quot;iso&quot;:&quot;0&quot;,&quot;shutter_speed&quot;:&quot;0&quot;,&quot;title&quot;:&quot;&quot;,&quot;orientation&quot;:&quot;0&quot;}\" data-image-title=\"Feuerwehr_3\" data-image-description=\"\" data-image-caption=\"\" data-large-file=\"https:\/\/i0.wp.com\/www.pfadfinder-selm.de\/wp-content\/uploads\/2019\/11\/PHOTO-2019-11-13-17-42-58.jpg?fit=768%2C1024&amp;ssl=1\" src=\"https:\/\/i0.wp.com\/www.pfadfinder-selm.de\/wp-content\/uploads\/2019\/11\/PHOTO-2019-11-13-17-42-58.jpg?resize=768%2C1024&#038;ssl=1\" alt=\"\" data-id=\"1005\" data-link=\"https:\/\/www.pfadfinder-selm.de\/photo-2019-11-13-17-42-58\/\" class=\"wp-image-1005\"\/><\/figure><\/li><li class=\"blocks-gallery-item\"><figure><img data-recalc-dims=\"1\" loading=\"lazy\" decoding=\"async\" width=\"768\" height=\"1024\" data-attachment-id=\"1004\" data-permalink=\"https:\/\/www.pfadfinder-selm.de\/photo-2019-11-13-17-42-58-1\/\" data-orig-file=\"https:\/\/i0.wp.com\/www.pfadfinder-selm.de\/wp-content\/uploads\/2019\/11\/PHOTO-2019-11-13-17-42-58-1.jpg?fit=1200%2C1600&amp;ssl=1\" data-orig-size=\"1200,1600\" data-comments-opened=\"1\" data-image-meta=\"{&quot;aperture&quot;:&quot;0&quot;,&quot;credit&quot;:&quot;&quot;,&quot;camera&quot;:&quot;&quot;,&quot;caption&quot;:&quot;&quot;,&quot;created_timestamp&quot;:&quot;0&quot;,&quot;copyright&quot;:&quot;&quot;,&quot;focal_length&quot;:&quot;0&quot;,&quot;iso&quot;:&quot;0&quot;,&quot;shutter_speed&quot;:&quot;0&quot;,&quot;title&quot;:&quot;&quot;,&quot;orientation&quot;:&quot;0&quot;}\" data-image-title=\"Feuerwehr_4\" data-image-description=\"\" data-image-caption=\"\" data-large-file=\"https:\/\/i0.wp.com\/www.pfadfinder-selm.de\/wp-content\/uploads\/2019\/11\/PHOTO-2019-11-13-17-42-58-1.jpg?fit=768%2C1024&amp;ssl=1\" src=\"https:\/\/i0.wp.com\/www.pfadfinder-selm.de\/wp-content\/uploads\/2019\/11\/PHOTO-2019-11-13-17-42-58-1.jpg?resize=768%2C1024&#038;ssl=1\" alt=\"\" data-id=\"1004\" data-link=\"https:\/\/www.pfadfinder-selm.de\/photo-2019-11-13-17-42-58-1\/\" class=\"wp-image-1004\"\/><\/figure><\/li><li class=\"blocks-gallery-item\"><figure><img data-recalc-dims=\"1\" loading=\"lazy\" decoding=\"async\" width=\"768\" height=\"1024\" data-attachment-id=\"1003\" data-permalink=\"https:\/\/www.pfadfinder-selm.de\/photo-2019-11-13-17-42-57\/\" data-orig-file=\"https:\/\/i0.wp.com\/www.pfadfinder-selm.de\/wp-content\/uploads\/2019\/11\/PHOTO-2019-11-13-17-42-57.jpg?fit=1200%2C1600&amp;ssl=1\" data-orig-size=\"1200,1600\" data-comments-opened=\"1\" data-image-meta=\"{&quot;aperture&quot;:&quot;0&quot;,&quot;credit&quot;:&quot;&quot;,&quot;camera&quot;:&quot;&quot;,&quot;caption&quot;:&quot;&quot;,&quot;created_timestamp&quot;:&quot;0&quot;,&quot;copyright&quot;:&quot;&quot;,&quot;focal_length&quot;:&quot;0&quot;,&quot;iso&quot;:&quot;0&quot;,&quot;shutter_speed&quot;:&quot;0&quot;,&quot;title&quot;:&quot;&quot;,&quot;orientation&quot;:&quot;0&quot;}\" data-image-title=\"Feuerwehr_5\" data-image-description=\"\" data-image-caption=\"\" data-large-file=\"https:\/\/i0.wp.com\/www.pfadfinder-selm.de\/wp-content\/uploads\/2019\/11\/PHOTO-2019-11-13-17-42-57.jpg?fit=768%2C1024&amp;ssl=1\" src=\"https:\/\/i0.wp.com\/www.pfadfinder-selm.de\/wp-content\/uploads\/2019\/11\/PHOTO-2019-11-13-17-42-57.jpg?resize=768%2C1024&#038;ssl=1\" alt=\"\" data-id=\"1003\" data-link=\"https:\/\/www.pfadfinder-selm.de\/photo-2019-11-13-17-42-57\/\" class=\"wp-image-1003\"\/><\/figure><\/li><li class=\"blocks-gallery-item\"><figure><img data-recalc-dims=\"1\" loading=\"lazy\" decoding=\"async\" width=\"768\" height=\"1024\" data-attachment-id=\"1002\" data-permalink=\"https:\/\/www.pfadfinder-selm.de\/photo-2019-11-13-17-42-55\/\" data-orig-file=\"https:\/\/i0.wp.com\/www.pfadfinder-selm.de\/wp-content\/uploads\/2019\/11\/PHOTO-2019-11-13-17-42-55.jpg?fit=1200%2C1600&amp;ssl=1\" data-orig-size=\"1200,1600\" data-comments-opened=\"1\" data-image-meta=\"{&quot;aperture&quot;:&quot;0&quot;,&quot;credit&quot;:&quot;&quot;,&quot;camera&quot;:&quot;&quot;,&quot;caption&quot;:&quot;&quot;,&quot;created_timestamp&quot;:&quot;0&quot;,&quot;copyright&quot;:&quot;&quot;,&quot;focal_length&quot;:&quot;0&quot;,&quot;iso&quot;:&quot;0&quot;,&quot;shutter_speed&quot;:&quot;0&quot;,&quot;title&quot;:&quot;&quot;,&quot;orientation&quot;:&quot;0&quot;}\" data-image-title=\"Feuerwehr_6\" data-image-description=\"\" data-image-caption=\"\" data-large-file=\"https:\/\/i0.wp.com\/www.pfadfinder-selm.de\/wp-content\/uploads\/2019\/11\/PHOTO-2019-11-13-17-42-55.jpg?fit=768%2C1024&amp;ssl=1\" src=\"https:\/\/i0.wp.com\/www.pfadfinder-selm.de\/wp-content\/uploads\/2019\/11\/PHOTO-2019-11-13-17-42-55.jpg?resize=768%2C1024&#038;ssl=1\" alt=\"\" data-id=\"1002\" data-link=\"https:\/\/www.pfadfinder-selm.de\/photo-2019-11-13-17-42-55\/\" class=\"wp-image-1002\"\/><\/figure><\/li><li class=\"blocks-gallery-item\"><figure><img data-recalc-dims=\"1\" loading=\"lazy\" decoding=\"async\" width=\"768\" height=\"1024\" data-attachment-id=\"1001\" data-permalink=\"https:\/\/www.pfadfinder-selm.de\/photo-2019-11-13-17-42-52\/\" data-orig-file=\"https:\/\/i0.wp.com\/www.pfadfinder-selm.de\/wp-content\/uploads\/2019\/11\/PHOTO-2019-11-13-17-42-52.jpg?fit=1200%2C1600&amp;ssl=1\" data-orig-size=\"1200,1600\" data-comments-opened=\"1\" data-image-meta=\"{&quot;aperture&quot;:&quot;0&quot;,&quot;credit&quot;:&quot;&quot;,&quot;camera&quot;:&quot;&quot;,&quot;caption&quot;:&quot;&quot;,&quot;created_timestamp&quot;:&quot;0&quot;,&quot;copyright&quot;:&quot;&quot;,&quot;focal_length&quot;:&quot;0&quot;,&quot;iso&quot;:&quot;0&quot;,&quot;shutter_speed&quot;:&quot;0&quot;,&quot;title&quot;:&quot;&quot;,&quot;orientation&quot;:&quot;0&quot;}\" data-image-title=\"Feuerwehr_7\" data-image-description=\"\" data-image-caption=\"\" data-large-file=\"https:\/\/i0.wp.com\/www.pfadfinder-selm.de\/wp-content\/uploads\/2019\/11\/PHOTO-2019-11-13-17-42-52.jpg?fit=768%2C1024&amp;ssl=1\" src=\"https:\/\/i0.wp.com\/www.pfadfinder-selm.de\/wp-content\/uploads\/2019\/11\/PHOTO-2019-11-13-17-42-52.jpg?resize=768%2C1024&#038;ssl=1\" alt=\"\" data-id=\"1001\" data-link=\"https:\/\/www.pfadfinder-selm.de\/photo-2019-11-13-17-42-52\/\" class=\"wp-image-1001\"\/><\/figure><\/li><li class=\"blocks-gallery-item\"><figure><img data-recalc-dims=\"1\" loading=\"lazy\" decoding=\"async\" width=\"768\" height=\"1024\" data-attachment-id=\"1000\" data-permalink=\"https:\/\/www.pfadfinder-selm.de\/photo-2019-11-13-17-42-44\/\" data-orig-file=\"https:\/\/i0.wp.com\/www.pfadfinder-selm.de\/wp-content\/uploads\/2019\/11\/PHOTO-2019-11-13-17-42-44.jpg?fit=1200%2C1600&amp;ssl=1\" data-orig-size=\"1200,1600\" data-comments-opened=\"1\" data-image-meta=\"{&quot;aperture&quot;:&quot;0&quot;,&quot;credit&quot;:&quot;&quot;,&quot;camera&quot;:&quot;&quot;,&quot;caption&quot;:&quot;&quot;,&quot;created_timestamp&quot;:&quot;0&quot;,&quot;copyright&quot;:&quot;&quot;,&quot;focal_length&quot;:&quot;0&quot;,&quot;iso&quot;:&quot;0&quot;,&quot;shutter_speed&quot;:&quot;0&quot;,&quot;title&quot;:&quot;&quot;,&quot;orientation&quot;:&quot;0&quot;}\" data-image-title=\"Feuerwehr_8\" data-image-description=\"\" data-image-caption=\"\" data-large-file=\"https:\/\/i0.wp.com\/www.pfadfinder-selm.de\/wp-content\/uploads\/2019\/11\/PHOTO-2019-11-13-17-42-44.jpg?fit=768%2C1024&amp;ssl=1\" src=\"https:\/\/i0.wp.com\/www.pfadfinder-selm.de\/wp-content\/uploads\/2019\/11\/PHOTO-2019-11-13-17-42-44.jpg?resize=768%2C1024&#038;ssl=1\" alt=\"\" data-id=\"1000\" data-link=\"https:\/\/www.pfadfinder-selm.de\/photo-2019-11-13-17-42-44\/\" class=\"wp-image-1000\"\/><\/figure><\/li><li class=\"blocks-gallery-item\"><figure><img data-recalc-dims=\"1\" loading=\"lazy\" decoding=\"async\" width=\"1024\" height=\"768\" data-attachment-id=\"999\" data-permalink=\"https:\/\/www.pfadfinder-selm.de\/photo-2019-11-13-17-42-43\/\" data-orig-file=\"https:\/\/i0.wp.com\/www.pfadfinder-selm.de\/wp-content\/uploads\/2019\/11\/PHOTO-2019-11-13-17-42-43.jpg?fit=1600%2C1200&amp;ssl=1\" data-orig-size=\"1600,1200\" data-comments-opened=\"1\" data-image-meta=\"{&quot;aperture&quot;:&quot;0&quot;,&quot;credit&quot;:&quot;&quot;,&quot;camera&quot;:&quot;&quot;,&quot;caption&quot;:&quot;&quot;,&quot;created_timestamp&quot;:&quot;0&quot;,&quot;copyright&quot;:&quot;&quot;,&quot;focal_length&quot;:&quot;0&quot;,&quot;iso&quot;:&quot;0&quot;,&quot;shutter_speed&quot;:&quot;0&quot;,&quot;title&quot;:&quot;&quot;,&quot;orientation&quot;:&quot;0&quot;}\" data-image-title=\"Feuerwehr_9\" data-image-description=\"\" data-image-caption=\"\" data-large-file=\"https:\/\/i0.wp.com\/www.pfadfinder-selm.de\/wp-content\/uploads\/2019\/11\/PHOTO-2019-11-13-17-42-43.jpg?fit=1024%2C768&amp;ssl=1\" src=\"https:\/\/i0.wp.com\/www.pfadfinder-selm.de\/wp-content\/uploads\/2019\/11\/PHOTO-2019-11-13-17-42-43.jpg?resize=1024%2C768&#038;ssl=1\" alt=\"\" data-id=\"999\" data-link=\"https:\/\/www.pfadfinder-selm.de\/photo-2019-11-13-17-42-43\/\" class=\"wp-image-999\"\/><\/figure><\/li><li class=\"blocks-gallery-item\"><figure><img data-recalc-dims=\"1\" loading=\"lazy\" decoding=\"async\" width=\"768\" height=\"1024\" data-attachment-id=\"998\" data-permalink=\"https:\/\/www.pfadfinder-selm.de\/photo-2019-11-13-17-42-35\/\" data-orig-file=\"https:\/\/i0.wp.com\/www.pfadfinder-selm.de\/wp-content\/uploads\/2019\/11\/PHOTO-2019-11-13-17-42-35.jpg?fit=1200%2C1600&amp;ssl=1\" data-orig-size=\"1200,1600\" data-comments-opened=\"1\" data-image-meta=\"{&quot;aperture&quot;:&quot;0&quot;,&quot;credit&quot;:&quot;&quot;,&quot;camera&quot;:&quot;&quot;,&quot;caption&quot;:&quot;&quot;,&quot;created_timestamp&quot;:&quot;0&quot;,&quot;copyright&quot;:&quot;&quot;,&quot;focal_length&quot;:&quot;0&quot;,&quot;iso&quot;:&quot;0&quot;,&quot;shutter_speed&quot;:&quot;0&quot;,&quot;title&quot;:&quot;&quot;,&quot;orientation&quot;:&quot;0&quot;}\" data-image-title=\"Feuerwehr_10\" data-image-description=\"\" data-image-caption=\"\" data-large-file=\"https:\/\/i0.wp.com\/www.pfadfinder-selm.de\/wp-content\/uploads\/2019\/11\/PHOTO-2019-11-13-17-42-35.jpg?fit=768%2C1024&amp;ssl=1\" src=\"https:\/\/i0.wp.com\/www.pfadfinder-selm.de\/wp-content\/uploads\/2019\/11\/PHOTO-2019-11-13-17-42-35.jpg?resize=768%2C1024&#038;ssl=1\" alt=\"\" data-id=\"998\" data-link=\"https:\/\/www.pfadfinder-selm.de\/photo-2019-11-13-17-42-35\/\" class=\"wp-image-998\"\/><\/figure><\/li><li class=\"blocks-gallery-item\"><figure><img data-recalc-dims=\"1\" loading=\"lazy\" decoding=\"async\" width=\"768\" height=\"1024\" data-attachment-id=\"997\" data-permalink=\"https:\/\/www.pfadfinder-selm.de\/photo-2019-11-13-17-42-28\/\" data-orig-file=\"https:\/\/i0.wp.com\/www.pfadfinder-selm.de\/wp-content\/uploads\/2019\/11\/PHOTO-2019-11-13-17-42-28.jpg?fit=1200%2C1600&amp;ssl=1\" data-orig-size=\"1200,1600\" data-comments-opened=\"1\" data-image-meta=\"{&quot;aperture&quot;:&quot;0&quot;,&quot;credit&quot;:&quot;&quot;,&quot;camera&quot;:&quot;&quot;,&quot;caption&quot;:&quot;&quot;,&quot;created_timestamp&quot;:&quot;0&quot;,&quot;copyright&quot;:&quot;&quot;,&quot;focal_length&quot;:&quot;0&quot;,&quot;iso&quot;:&quot;0&quot;,&quot;shutter_speed&quot;:&quot;0&quot;,&quot;title&quot;:&quot;&quot;,&quot;orientation&quot;:&quot;0&quot;}\" data-image-title=\"Feuerwehr_11\" data-image-description=\"\" data-image-caption=\"\" data-large-file=\"https:\/\/i0.wp.com\/www.pfadfinder-selm.de\/wp-content\/uploads\/2019\/11\/PHOTO-2019-11-13-17-42-28.jpg?fit=768%2C1024&amp;ssl=1\" src=\"https:\/\/i0.wp.com\/www.pfadfinder-selm.de\/wp-content\/uploads\/2019\/11\/PHOTO-2019-11-13-17-42-28.jpg?resize=768%2C1024&#038;ssl=1\" alt=\"\" data-id=\"997\" data-link=\"https:\/\/www.pfadfinder-selm.de\/photo-2019-11-13-17-42-28\/\" class=\"wp-image-997\"\/><\/figure><\/li><li class=\"blocks-gallery-item\"><figure><img data-recalc-dims=\"1\" loading=\"lazy\" decoding=\"async\" width=\"768\" height=\"1024\" data-attachment-id=\"996\" data-permalink=\"https:\/\/www.pfadfinder-selm.de\/photo-2019-11-13-17-42-18\/\" data-orig-file=\"https:\/\/i0.wp.com\/www.pfadfinder-selm.de\/wp-content\/uploads\/2019\/11\/PHOTO-2019-11-13-17-42-18.jpg?fit=1200%2C1600&amp;ssl=1\" data-orig-size=\"1200,1600\" data-comments-opened=\"1\" data-image-meta=\"{&quot;aperture&quot;:&quot;0&quot;,&quot;credit&quot;:&quot;&quot;,&quot;camera&quot;:&quot;&quot;,&quot;caption&quot;:&quot;&quot;,&quot;created_timestamp&quot;:&quot;0&quot;,&quot;copyright&quot;:&quot;&quot;,&quot;focal_length&quot;:&quot;0&quot;,&quot;iso&quot;:&quot;0&quot;,&quot;shutter_speed&quot;:&quot;0&quot;,&quot;title&quot;:&quot;&quot;,&quot;orientation&quot;:&quot;0&quot;}\" data-image-title=\"Feuerwehr_12\" data-image-description=\"\" data-image-caption=\"\" data-large-file=\"https:\/\/i0.wp.com\/www.pfadfinder-selm.de\/wp-content\/uploads\/2019\/11\/PHOTO-2019-11-13-17-42-18.jpg?fit=768%2C1024&amp;ssl=1\" src=\"https:\/\/i0.wp.com\/www.pfadfinder-selm.de\/wp-content\/uploads\/2019\/11\/PHOTO-2019-11-13-17-42-18.jpg?resize=768%2C1024&#038;ssl=1\" alt=\"\" data-id=\"996\" data-link=\"https:\/\/www.pfadfinder-selm.de\/photo-2019-11-13-17-42-18\/\" class=\"wp-image-996\"\/><\/figure><\/li><li class=\"blocks-gallery-item\"><figure><img data-recalc-dims=\"1\" loading=\"lazy\" decoding=\"async\" width=\"768\" height=\"1024\" data-attachment-id=\"995\" data-permalink=\"https:\/\/www.pfadfinder-selm.de\/photo-2019-11-13-17-42-16\/\" data-orig-file=\"https:\/\/i0.wp.com\/www.pfadfinder-selm.de\/wp-content\/uploads\/2019\/11\/PHOTO-2019-11-13-17-42-16.jpg?fit=1200%2C1600&amp;ssl=1\" data-orig-size=\"1200,1600\" data-comments-opened=\"1\" data-image-meta=\"{&quot;aperture&quot;:&quot;0&quot;,&quot;credit&quot;:&quot;&quot;,&quot;camera&quot;:&quot;&quot;,&quot;caption&quot;:&quot;&quot;,&quot;created_timestamp&quot;:&quot;0&quot;,&quot;copyright&quot;:&quot;&quot;,&quot;focal_length&quot;:&quot;0&quot;,&quot;iso&quot;:&quot;0&quot;,&quot;shutter_speed&quot;:&quot;0&quot;,&quot;title&quot;:&quot;&quot;,&quot;orientation&quot;:&quot;0&quot;}\" data-image-title=\"Feuerwehr_13\" data-image-description=\"\" data-image-caption=\"\" data-large-file=\"https:\/\/i0.wp.com\/www.pfadfinder-selm.de\/wp-content\/uploads\/2019\/11\/PHOTO-2019-11-13-17-42-16.jpg?fit=768%2C1024&amp;ssl=1\" src=\"https:\/\/i0.wp.com\/www.pfadfinder-selm.de\/wp-content\/uploads\/2019\/11\/PHOTO-2019-11-13-17-42-16.jpg?resize=768%2C1024&#038;ssl=1\" alt=\"\" data-id=\"995\" data-link=\"https:\/\/www.pfadfinder-selm.de\/photo-2019-11-13-17-42-16\/\" class=\"wp-image-995\"\/><\/figure><\/li><li class=\"blocks-gallery-item\"><figure><img data-recalc-dims=\"1\" loading=\"lazy\" decoding=\"async\" width=\"1024\" height=\"768\" data-attachment-id=\"994\" data-permalink=\"https:\/\/www.pfadfinder-selm.de\/photo-2019-11-13-17-40-26\/\" data-orig-file=\"https:\/\/i0.wp.com\/www.pfadfinder-selm.de\/wp-content\/uploads\/2019\/11\/PHOTO-2019-11-13-17-40-26.jpg?fit=1600%2C1200&amp;ssl=1\" data-orig-size=\"1600,1200\" data-comments-opened=\"1\" data-image-meta=\"{&quot;aperture&quot;:&quot;0&quot;,&quot;credit&quot;:&quot;&quot;,&quot;camera&quot;:&quot;&quot;,&quot;caption&quot;:&quot;&quot;,&quot;created_timestamp&quot;:&quot;0&quot;,&quot;copyright&quot;:&quot;&quot;,&quot;focal_length&quot;:&quot;0&quot;,&quot;iso&quot;:&quot;0&quot;,&quot;shutter_speed&quot;:&quot;0&quot;,&quot;title&quot;:&quot;&quot;,&quot;orientation&quot;:&quot;0&quot;}\" data-image-title=\"Feuerwehr_14\" data-image-description=\"\" data-image-caption=\"\" data-large-file=\"https:\/\/i0.wp.com\/www.pfadfinder-selm.de\/wp-content\/uploads\/2019\/11\/PHOTO-2019-11-13-17-40-26.jpg?fit=1024%2C768&amp;ssl=1\" src=\"https:\/\/i0.wp.com\/www.pfadfinder-selm.de\/wp-content\/uploads\/2019\/11\/PHOTO-2019-11-13-17-40-26.jpg?resize=1024%2C768&#038;ssl=1\" alt=\"\" data-id=\"994\" data-link=\"https:\/\/www.pfadfinder-selm.de\/photo-2019-11-13-17-40-26\/\" class=\"wp-image-994\"\/><\/figure><\/li><\/ul>\n","protected":false},"excerpt":{"rendered":"<p>Es ist zweifellos eines der wichtigsten Ehren\u00e4mter unserer Stadt, der Dienst bei der freiwilligen Feuerwehr. Nicht nur wir Leiter, auch unsere Kinder sind von der<span class=\"read-more-link\"><a class=\"read-more\" href=\"https:\/\/www.pfadfinder-selm.de\/index.php\/2019\/11\/13\/kassiopeia-besuchen-die-feuerwehr\/\">Read More<\/a><\/span><\/p>\n","protected":false},"author":1,"featured_media":1000,"comment_status":"open","ping_status":"closed","sticky":false,"template":"","format":"standard","meta":{"jetpack_post_was_ever_published":false,"_jetpack_newsletter_access":"","_jetpack_dont_email_post_to_subs":false,"_jetpack_newsletter_tier_id":0,"_jetpack_memberships_contains_paywalled_content":false,"_jetpack_memberships_contains_paid_content":false,"footnotes":""},"categories":[1],"tags":[],"class_list":["post-984","post","type-post","status-publish","format-standard","has-post-thumbnail","hentry","category-allgemein"],"jetpack_featured_media_url":"https:\/\/i0.wp.com\/www.pfadfinder-selm.de\/wp-content\/uploads\/2019\/11\/PHOTO-2019-11-13-17-42-44.jpg?fit=1200%2C1600&ssl=1","jetpack_shortlink":"https:\/\/wp.me\/p9OEzS-fS","jetpack_sharing_enabled":true,"_links":{"self":[{"href":"https:\/\/www.pfadfinder-selm.de\/index.php\/wp-json\/wp\/v2\/posts\/984","targetHints":{"allow":["GET"]}}],"collection":[{"href":"https:\/\/www.pfadfinder-selm.de\/index.php\/wp-json\/wp\/v2\/posts"}],"about":[{"href":"https:\/\/www.pfadfinder-selm.de\/index.php\/wp-json\/wp\/v2\/types\/post"}],"author":[{"embeddable":true,"href":"https:\/\/www.pfadfinder-selm.de\/index.php\/wp-json\/wp\/v2\/users\/1"}],"replies":[{"embeddable":true,"href":"https:\/\/www.pfadfinder-selm.de\/index.php\/wp-json\/wp\/v2\/comments?post=984"}],"version-history":[{"count":10,"href":"https:\/\/www.pfadfinder-selm.de\/index.php\/wp-json\/wp\/v2\/posts\/984\/revisions"}],"predecessor-version":[{"id":1015,"href":"https:\/\/www.pfadfinder-selm.de\/index.php\/wp-json\/wp\/v2\/posts\/984\/revisions\/1015"}],"wp:featuredmedia":[{"embeddable":true,"href":"https:\/\/www.pfadfinder-selm.de\/index.php\/wp-json\/wp\/v2\/media\/1000"}],"wp:attachment":[{"href":"https:\/\/www.pfadfinder-selm.de\/index.php\/wp-json\/wp\/v2\/media?parent=984"}],"wp:term":[{"taxonomy":"category","embeddable":true,"href":"https:\/\/www.pfadfinder-selm.de\/index.php\/wp-json\/wp\/v2\/categories?post=984"},{"taxonomy":"post_tag","embeddable":true,"href":"https:\/\/www.pfadfinder-selm.de\/index.php\/wp-json\/wp\/v2\/tags?post=984"}],"curies":[{"name":"wp","href":"https:\/\/api.w.org\/{rel}","templated":true}]}}