{"id":803,"date":"2019-05-11T14:00:02","date_gmt":"2019-05-11T12:00:02","guid":{"rendered":"https:\/\/www.pfadfinder-selm.de\/?p=803"},"modified":"2019-05-11T14:52:54","modified_gmt":"2019-05-11T12:52:54","slug":"das-war-die-stammesversammlung-2019","status":"publish","type":"post","link":"https:\/\/www.pfadfinder-selm.de\/index.php\/2019\/05\/11\/das-war-die-stammesversammlung-2019\/","title":{"rendered":"Das war die Stammesversammlung 2019"},"content":{"rendered":"\n<p>Unter dem Motto &#8222;Stammboree &#8211; Stammesversammlung mal anders&#8220; versammelte sich am Donnerstag den 9. Mai 2019 um 17 Uhr der Stamm Selm St. Josef zum ersten mal im FindUs zur diesj\u00e4hrigen Stammesversammlung.<\/p>\n\n\n\n<p>In diesem Jahr standen dabei wieder einige Wahlen an. So galt es unter anderem einen neuen Kassenwart, einen neuen Schriftf\u00fchrer und auch die Posten der Vorsitzenden neu zu w\u00e4hlen.<\/p>\n\n\n\n<div class=\"wp-block-image\"><figure class=\"aligncenter is-resized\"><img data-recalc-dims=\"1\" loading=\"lazy\" decoding=\"async\" data-attachment-id=\"809\" data-permalink=\"https:\/\/www.pfadfinder-selm.de\/index.php\/2019\/05\/11\/das-war-die-stammesversammlung-2019\/2019-stammesversammlung_008\/\" data-orig-file=\"https:\/\/i0.wp.com\/www.pfadfinder-selm.de\/wp-content\/uploads\/2019\/05\/2019-Stammesversammlung_008.jpg?fit=533%2C800&amp;ssl=1\" data-orig-size=\"533,800\" data-comments-opened=\"1\" data-image-meta=\"{&quot;aperture&quot;:&quot;3.5&quot;,&quot;credit&quot;:&quot;&quot;,&quot;camera&quot;:&quot;NIKON D3400&quot;,&quot;caption&quot;:&quot;&quot;,&quot;created_timestamp&quot;:&quot;1557421818&quot;,&quot;copyright&quot;:&quot;&quot;,&quot;focal_length&quot;:&quot;18&quot;,&quot;iso&quot;:&quot;500&quot;,&quot;shutter_speed&quot;:&quot;0.004&quot;,&quot;title&quot;:&quot;&quot;,&quot;orientation&quot;:&quot;1&quot;}\" data-image-title=\"2019-Stammesversammlung_008\" data-image-description=\"\" data-image-caption=\"\" data-large-file=\"https:\/\/i0.wp.com\/www.pfadfinder-selm.de\/wp-content\/uploads\/2019\/05\/2019-Stammesversammlung_008.jpg?fit=533%2C800&amp;ssl=1\" src=\"https:\/\/i0.wp.com\/www.pfadfinder-selm.de\/wp-content\/uploads\/2019\/05\/2019-Stammesversammlung_008.jpg?resize=310%2C465&#038;ssl=1\" alt=\"\" class=\"wp-image-809\" width=\"310\" height=\"465\"\/><figcaption>Die Jungpfadfinder stellen ihr Jahr vor<\/figcaption><\/figure><\/div>\n\n\n\n<p>In diesem Jahr hatte sich dich Leiterrunde etwas neues f\u00fcr die Versammlung \u00fcberlegt und so wurden in den Sippenstunden zuvor von den Kinder Plakate erstellt auf denen sie ihre Erlebnisse des letzten Jahres pr\u00e4sentierten. Mit vielen Fotos und erl\u00e4uternden Texten konnten die anwesenden Eltern so einen umfassenden Blick in die Freizeitgestaltung ihrer Kinder erhalten. Die Roverrunde hat daf\u00fcr sogar einen kurzen Film erstellt, der mit Hilfe der neuen M\u00f6glichkeiten des FindUs pr\u00e4sentiert werden konnte.<\/p>\n\n\n\n<div class=\"wp-block-image\"><figure class=\"aligncenter is-resized\"><img data-recalc-dims=\"1\" loading=\"lazy\" decoding=\"async\" data-attachment-id=\"811\" data-permalink=\"https:\/\/www.pfadfinder-selm.de\/index.php\/2019\/05\/11\/das-war-die-stammesversammlung-2019\/2019-stammesversammlung_010\/\" data-orig-file=\"https:\/\/i0.wp.com\/www.pfadfinder-selm.de\/wp-content\/uploads\/2019\/05\/2019-Stammesversammlung_010.jpg?fit=800%2C533&amp;ssl=1\" data-orig-size=\"800,533\" data-comments-opened=\"1\" data-image-meta=\"{&quot;aperture&quot;:&quot;3.5&quot;,&quot;credit&quot;:&quot;&quot;,&quot;camera&quot;:&quot;NIKON D3400&quot;,&quot;caption&quot;:&quot;&quot;,&quot;created_timestamp&quot;:&quot;1557421839&quot;,&quot;copyright&quot;:&quot;&quot;,&quot;focal_length&quot;:&quot;18&quot;,&quot;iso&quot;:&quot;640&quot;,&quot;shutter_speed&quot;:&quot;0.004&quot;,&quot;title&quot;:&quot;&quot;,&quot;orientation&quot;:&quot;1&quot;}\" data-image-title=\"2019-Stammesversammlung_010\" data-image-description=\"\" data-image-caption=\"\" data-large-file=\"https:\/\/i0.wp.com\/www.pfadfinder-selm.de\/wp-content\/uploads\/2019\/05\/2019-Stammesversammlung_010.jpg?fit=800%2C533&amp;ssl=1\" src=\"https:\/\/i0.wp.com\/www.pfadfinder-selm.de\/wp-content\/uploads\/2019\/05\/2019-Stammesversammlung_010.jpg?resize=579%2C385&#038;ssl=1\" alt=\"\" class=\"wp-image-811\" width=\"579\" height=\"385\"\/><figcaption>Auch die W\u00f6lflinge hatten etwas vorbereitet<\/figcaption><\/figure><\/div>\n\n\n\n<p>Ab 18 Uhr stand dann der offizielle Teil auf der Tagesordnung. Philipp &#8222;Pille&#8220; J\u00fcnemann und Tobias &#8222;ToBa&#8220; Baum als Vorsitzende begr\u00fc\u00dften zusammen mit Kuratin Nicole Thien die Anwesenden und er\u00f6ffneten die Versammlung.<\/p>\n<p>Nach den Berichten durch Kevin K\u00f6ster als Kassenwart und Milena Hillmeister als Kassenpr\u00fcferin beantragte die Versammlung dann auch die Entlastung des Vorstandes, welche auch best\u00e4tigt wurde.<\/p>\n\n\n\n<div class=\"wp-block-image\"><figure class=\"aligncenter\"><img data-recalc-dims=\"1\" loading=\"lazy\" decoding=\"async\" width=\"800\" height=\"533\" data-attachment-id=\"816\" data-permalink=\"https:\/\/www.pfadfinder-selm.de\/index.php\/2019\/05\/11\/das-war-die-stammesversammlung-2019\/2019-stammesversammlung_111\/\" data-orig-file=\"https:\/\/i0.wp.com\/www.pfadfinder-selm.de\/wp-content\/uploads\/2019\/05\/2019-Stammesversammlung_111.jpg?fit=800%2C533&amp;ssl=1\" data-orig-size=\"800,533\" data-comments-opened=\"1\" data-image-meta=\"{&quot;aperture&quot;:&quot;3.5&quot;,&quot;credit&quot;:&quot;&quot;,&quot;camera&quot;:&quot;NIKON D3400&quot;,&quot;caption&quot;:&quot;&quot;,&quot;created_timestamp&quot;:&quot;1557430561&quot;,&quot;copyright&quot;:&quot;&quot;,&quot;focal_length&quot;:&quot;18&quot;,&quot;iso&quot;:&quot;560&quot;,&quot;shutter_speed&quot;:&quot;0.004&quot;,&quot;title&quot;:&quot;&quot;,&quot;orientation&quot;:&quot;1&quot;}\" data-image-title=\"2019-Stammesversammlung_111\" data-image-description=\"\" data-image-caption=\"\" data-large-file=\"https:\/\/i0.wp.com\/www.pfadfinder-selm.de\/wp-content\/uploads\/2019\/05\/2019-Stammesversammlung_111.jpg?fit=800%2C533&amp;ssl=1\" src=\"https:\/\/i0.wp.com\/www.pfadfinder-selm.de\/wp-content\/uploads\/2019\/05\/2019-Stammesversammlung_111.jpg?resize=800%2C533&#038;ssl=1\" alt=\"\" class=\"wp-image-816\"\/><figcaption>Die Versammlung<\/figcaption><\/figure><\/div>\n\n\n\n<p>Philipp Reuver und Stephan Bertelsbeck als Vorsitzende des DPSG Bezirk Coesfeld berichteten im Anschluss noch von Aktionen und Terminen des Bezirks und der Di\u00f6zese.<\/p>\n\n\n\n<p>Auch Antr\u00e4ge gab es in diesem Jahr, so w\u00fcnschte sich der amtierende Vorstand, dass die Stammesversammlung der Bitte der Erweiterung des Vorstandes um 2 Vorstandsreferenten zustimmt um die Arbeit als Vorstand weiter aufzuteilen, aber auch um Interessierten die M\u00f6glichkeit zu geben, \u00fcber diese Aufgabe in die Arbeit als Vorstand Einblicke zu bekommen und damit eine eventuelle Entscheidung dieses Amt zu \u00fcbernehmen zu vereinfachen.<\/p>\n\n\n\n<p>Dann war es soweit, die Wahlen standen auf der Tagesordnung und es gab viel zu tun.<\/p>\n<p>Zur neuen Kassenpr\u00fcferin wurde Marina R\u00f6der im zweiten Wahldurchgang gew\u00e4hlt. Vincent Sch\u00e4fer \u00fcbernimmt absofort das Amt des Schriftf\u00fchrers und l\u00f6st damit Timo J\u00fcnemann nach 6 Jahren im Amt ab. Die Aufgabe des Kassenwartes wird absofort durch Marcel Malkemper \u00fcbernommen, der die Aufgabe von Kevin K\u00f6ster \u00fcbernimmt.<\/p>\n<p>Als Vorstandsreferenten d\u00fcrfen wir nun Robin Siemerling und Jan Krevert im Vorstand begr\u00fc\u00dfen.<\/p>\n\n\n\n<div class=\"wp-block-image\"><figure class=\"aligncenter\"><img data-recalc-dims=\"1\" loading=\"lazy\" decoding=\"async\" width=\"800\" height=\"533\" data-attachment-id=\"815\" data-permalink=\"https:\/\/www.pfadfinder-selm.de\/index.php\/2019\/05\/11\/das-war-die-stammesversammlung-2019\/2019-stammesversammlung_086\/\" data-orig-file=\"https:\/\/i0.wp.com\/www.pfadfinder-selm.de\/wp-content\/uploads\/2019\/05\/2019-Stammesversammlung_086.jpg?fit=800%2C533&amp;ssl=1\" data-orig-size=\"800,533\" data-comments-opened=\"1\" data-image-meta=\"{&quot;aperture&quot;:&quot;5.6&quot;,&quot;credit&quot;:&quot;&quot;,&quot;camera&quot;:&quot;NIKON D3400&quot;,&quot;caption&quot;:&quot;&quot;,&quot;created_timestamp&quot;:&quot;1557429688&quot;,&quot;copyright&quot;:&quot;&quot;,&quot;focal_length&quot;:&quot;78&quot;,&quot;iso&quot;:&quot;1600&quot;,&quot;shutter_speed&quot;:&quot;0.004&quot;,&quot;title&quot;:&quot;&quot;,&quot;orientation&quot;:&quot;1&quot;}\" data-image-title=\"2019-Stammesversammlung_086\" data-image-description=\"\" data-image-caption=\"\" data-large-file=\"https:\/\/i0.wp.com\/www.pfadfinder-selm.de\/wp-content\/uploads\/2019\/05\/2019-Stammesversammlung_086.jpg?fit=800%2C533&amp;ssl=1\" src=\"https:\/\/i0.wp.com\/www.pfadfinder-selm.de\/wp-content\/uploads\/2019\/05\/2019-Stammesversammlung_086.jpg?resize=800%2C533&#038;ssl=1\" alt=\"\" class=\"wp-image-815\"\/><\/figure><\/div>\n\n\n\n<p>Nun wurde es emotional, als das Amt von Philipp &#8222;Pille&#8220; J\u00fcnemann neu besetzt werden sollte. Nach 9 Jahren als Vorsitzender hat Pille sein Amt nun abgegeben und hatte daf\u00fcr eine Rede vorbereitet in denen er seine Beweggr\u00fcnde und seine Hoffnungen f\u00fcr die Zukunft darlegte. Die Leiterrunde nahm diesen Moment ebenfalls war um Pille f\u00fcr seine Arbeit zu danken. So bekam Pille die Georgsmedaille f\u00fcr seine besondere Leistung als Vorstand \u00fcberreicht. Zus\u00e4tzlich hatte die Leiterrunde eine Kollage aus den Bildern der Zeit von 1998 bis 2019 erstellt um Pille an diese Zeit zu erinnern. Dazu bekam Pille dann noch einen Gutschein \u00fcber den Baum des Jahres 2019 (Flatter-Ulme) f\u00fcr seinen Garten.<\/p>\n<p>An dieser Stelle noch einmal vielen Dank f\u00fcr deine Arbeit lieber Pille.<\/p>\n<p>In seine Fu\u00dfstapfen tritt nun Kevin K\u00f6ster.<\/p>\n\n\n\n<p>Tobias &#8222;ToBa&#8220; Baum wurde in seinem Amt noch einmal best\u00e4tigt und leitet somit noch f\u00fcr weitere 3 Jahre die Geschicke des Stammes.<\/p>\n\n\n\n<div class=\"wp-block-image\"><figure class=\"aligncenter\"><img data-recalc-dims=\"1\" loading=\"lazy\" decoding=\"async\" width=\"800\" height=\"533\" data-attachment-id=\"817\" data-permalink=\"https:\/\/www.pfadfinder-selm.de\/index.php\/2019\/05\/11\/das-war-die-stammesversammlung-2019\/2019-stammesversammlung_127\/\" data-orig-file=\"https:\/\/i0.wp.com\/www.pfadfinder-selm.de\/wp-content\/uploads\/2019\/05\/2019-Stammesversammlung_127.jpg?fit=800%2C533&amp;ssl=1\" data-orig-size=\"800,533\" data-comments-opened=\"1\" data-image-meta=\"{&quot;aperture&quot;:&quot;5&quot;,&quot;credit&quot;:&quot;&quot;,&quot;camera&quot;:&quot;NIKON D3400&quot;,&quot;caption&quot;:&quot;&quot;,&quot;created_timestamp&quot;:&quot;1557431827&quot;,&quot;copyright&quot;:&quot;&quot;,&quot;focal_length&quot;:&quot;18&quot;,&quot;iso&quot;:&quot;400&quot;,&quot;shutter_speed&quot;:&quot;0.004&quot;,&quot;title&quot;:&quot;&quot;,&quot;orientation&quot;:&quot;1&quot;}\" data-image-title=\"2019-Stammesversammlung_127\" data-image-description=\"\" data-image-caption=\"\" data-large-file=\"https:\/\/i0.wp.com\/www.pfadfinder-selm.de\/wp-content\/uploads\/2019\/05\/2019-Stammesversammlung_127.jpg?fit=800%2C533&amp;ssl=1\" src=\"https:\/\/i0.wp.com\/www.pfadfinder-selm.de\/wp-content\/uploads\/2019\/05\/2019-Stammesversammlung_127.jpg?resize=800%2C533&#038;ssl=1\" alt=\"\" class=\"wp-image-817\"\/><figcaption>Der Vorstand, v.l. Robin Siemerling, Marcel Malkemper, Tobias Baum, Nicole Thien, Kevin K\u00f6ster, Jan Krevert, Vincent Sch\u00e4fer<\/figcaption><\/figure><\/div>\n\n\n\n<p>Gegen 20 Uhr beendeten Pille, ToBa und Nicole die Versammlung und luden dann zusammen mit der Leiterrunde ein, noch auf Grillwurst und Getr\u00e4nke zu bleiben. Vielen Dank an dieser Stelle auch an Alle Eltern, die Salate gespendet haben.<\/p>\n\n\n\n<div class=\"wp-block-image\"><figure class=\"aligncenter\"><img data-recalc-dims=\"1\" loading=\"lazy\" decoding=\"async\" width=\"800\" height=\"533\" data-attachment-id=\"818\" data-permalink=\"https:\/\/www.pfadfinder-selm.de\/index.php\/2019\/05\/11\/das-war-die-stammesversammlung-2019\/2019-stammesversammlung_130\/\" data-orig-file=\"https:\/\/i0.wp.com\/www.pfadfinder-selm.de\/wp-content\/uploads\/2019\/05\/2019-Stammesversammlung_130.jpg?fit=800%2C533&amp;ssl=1\" data-orig-size=\"800,533\" data-comments-opened=\"1\" data-image-meta=\"{&quot;aperture&quot;:&quot;4&quot;,&quot;credit&quot;:&quot;&quot;,&quot;camera&quot;:&quot;NIKON D3400&quot;,&quot;caption&quot;:&quot;&quot;,&quot;created_timestamp&quot;:&quot;1557431934&quot;,&quot;copyright&quot;:&quot;&quot;,&quot;focal_length&quot;:&quot;18&quot;,&quot;iso&quot;:&quot;400&quot;,&quot;shutter_speed&quot;:&quot;0.004&quot;,&quot;title&quot;:&quot;&quot;,&quot;orientation&quot;:&quot;1&quot;}\" data-image-title=\"2019-Stammesversammlung_130\" data-image-description=\"\" data-image-caption=\"\" data-large-file=\"https:\/\/i0.wp.com\/www.pfadfinder-selm.de\/wp-content\/uploads\/2019\/05\/2019-Stammesversammlung_130.jpg?fit=800%2C533&amp;ssl=1\" src=\"https:\/\/i0.wp.com\/www.pfadfinder-selm.de\/wp-content\/uploads\/2019\/05\/2019-Stammesversammlung_130.jpg?resize=800%2C533&#038;ssl=1\" alt=\"\" class=\"wp-image-818\"\/><figcaption>Am Ende der Versammlung gab es Grillwurst, Salat und Getr\u00e4nke<\/figcaption><\/figure><\/div>\n\n\n\n<p>In gem\u00fctlicher Runde wurde damit das Stammboree beendet.<\/p>\n\n\n\n<p>Die Versammlung kann in allen Punkten als Erfolg betrachtet werden und wir freuen uns bereits auf das n\u00e4chste mal.<\/p>\n\n\n","protected":false},"excerpt":{"rendered":"<p>In gem\u00fctlicher Runde wurde damit das Stammboree beendet. Die Versammlung kann in allen Punkten als Erfolg betrachtet werden und wir freuen uns bereits auf das<span class=\"read-more-link\"><a class=\"read-more\" href=\"https:\/\/www.pfadfinder-selm.de\/index.php\/2019\/05\/11\/das-war-die-stammesversammlung-2019\/\">Read More<\/a><\/span><\/p>\n","protected":false},"author":1,"featured_media":337,"comment_status":"open","ping_status":"closed","sticky":false,"template":"","format":"standard","meta":{"jetpack_post_was_ever_published":false,"_jetpack_newsletter_access":"","_jetpack_dont_email_post_to_subs":false,"_jetpack_newsletter_tier_id":0,"_jetpack_memberships_contains_paywalled_content":false,"_jetpack_memberships_contains_paid_content":false,"footnotes":""},"categories":[1],"tags":[],"class_list":["post-803","post","type-post","status-publish","format-standard","has-post-thumbnail","hentry","category-allgemein"],"jetpack_featured_media_url":"https:\/\/i0.wp.com\/www.pfadfinder-selm.de\/wp-content\/uploads\/2018\/04\/stammesversammlung-e1523896171145.jpg?fit=1922%2C1081&ssl=1","jetpack_shortlink":"https:\/\/wp.me\/p9OEzS-cX","jetpack_sharing_enabled":true,"_links":{"self":[{"href":"https:\/\/www.pfadfinder-selm.de\/index.php\/wp-json\/wp\/v2\/posts\/803","targetHints":{"allow":["GET"]}}],"collection":[{"href":"https:\/\/www.pfadfinder-selm.de\/index.php\/wp-json\/wp\/v2\/posts"}],"about":[{"href":"https:\/\/www.pfadfinder-selm.de\/index.php\/wp-json\/wp\/v2\/types\/post"}],"author":[{"embeddable":true,"href":"https:\/\/www.pfadfinder-selm.de\/index.php\/wp-json\/wp\/v2\/users\/1"}],"replies":[{"embeddable":true,"href":"https:\/\/www.pfadfinder-selm.de\/index.php\/wp-json\/wp\/v2\/comments?post=803"}],"version-history":[{"count":7,"href":"https:\/\/www.pfadfinder-selm.de\/index.php\/wp-json\/wp\/v2\/posts\/803\/revisions"}],"predecessor-version":[{"id":822,"href":"https:\/\/www.pfadfinder-selm.de\/index.php\/wp-json\/wp\/v2\/posts\/803\/revisions\/822"}],"wp:featuredmedia":[{"embeddable":true,"href":"https:\/\/www.pfadfinder-selm.de\/index.php\/wp-json\/wp\/v2\/media\/337"}],"wp:attachment":[{"href":"https:\/\/www.pfadfinder-selm.de\/index.php\/wp-json\/wp\/v2\/media?parent=803"}],"wp:term":[{"taxonomy":"category","embeddable":true,"href":"https:\/\/www.pfadfinder-selm.de\/index.php\/wp-json\/wp\/v2\/categories?post=803"},{"taxonomy":"post_tag","embeddable":true,"href":"https:\/\/www.pfadfinder-selm.de\/index.php\/wp-json\/wp\/v2\/tags?post=803"}],"curies":[{"name":"wp","href":"https:\/\/api.w.org\/{rel}","templated":true}]}}