{"id":760,"date":"2019-04-23T16:42:51","date_gmt":"2019-04-23T14:42:51","guid":{"rendered":"https:\/\/www.pfadfinder-selm.de\/?p=760"},"modified":"2019-04-23T16:45:10","modified_gmt":"2019-04-23T14:45:10","slug":"osterfeuer-2019","status":"publish","type":"post","link":"https:\/\/www.pfadfinder-selm.de\/index.php\/2019\/04\/23\/osterfeuer-2019\/","title":{"rendered":"Osterfeuer 2019"},"content":{"rendered":"\n<p>Am vergangenen Sonntag stand wieder das traditionelle Osterfeuer auf dem Plan. Schon zu Beginn des Jahres sammelten die Pfadfinder daf\u00fcr die Weihnachtsb\u00e4ume im gesamten Stadtteil Selm und schichteten sie auf einer Wiese am Steverweg auf.<\/p>\n\n\n\n<p>Am Sonntag war es dann soweit, der Grill wurde aufgebaut und auch die Getr\u00e4nke waren vor Ort, sodass das Feuer p\u00fcnktlich um 18:30 Uhr durch unsere Kuratin Nicole Thien gesegnet und entz\u00fcndet werden konnte.<\/p>\n\n\n\n<p>F\u00fcr die G\u00e4ste gab es zur Verk\u00f6stigung neben Grillwurst und kalten Getr\u00e4nken, noch Backkartoffeln und Stockbrot, der Teig daf\u00fcr wurde uns von der Firma Artmann gespendet. <\/p>\n\n\n\n<p>Kevin K\u00f6ster und Verena Erdbr\u00fcgge informierten die G\u00e4ste \u00fcber unsere neu gegr\u00fcndete Bienen-AG und als es dann dunkel wurde gab es noch eine Feuershow durch Mitglieder der Leiter- und Roverrunde.<\/p>\n\n\n\n<p>Wir m\u00f6chten uns an dieser Stelle noch einmal Bedanken bei allen Besuchern, Freunden, Helfern und Sponsoren.<\/p>\n\n\n\n<ul class=\"wp-block-gallery columns-3 is-cropped wp-block-gallery-1 is-layout-flex wp-block-gallery-is-layout-flex\"><li class=\"blocks-gallery-item\"><figure><img data-recalc-dims=\"1\" loading=\"lazy\" decoding=\"async\" width=\"960\" height=\"640\" data-attachment-id=\"765\" data-permalink=\"https:\/\/www.pfadfinder-selm.de\/index.php\/2019\/04\/23\/osterfeuer-2019\/58462781_2392003577497579_2574814060520407040_n\/\" data-orig-file=\"https:\/\/i0.wp.com\/www.pfadfinder-selm.de\/wp-content\/uploads\/2019\/04\/58462781_2392003577497579_2574814060520407040_n.jpg?fit=960%2C640&amp;ssl=1\" data-orig-size=\"960,640\" data-comments-opened=\"1\" data-image-meta=\"{&quot;aperture&quot;:&quot;0&quot;,&quot;credit&quot;:&quot;&quot;,&quot;camera&quot;:&quot;&quot;,&quot;caption&quot;:&quot;&quot;,&quot;created_timestamp&quot;:&quot;0&quot;,&quot;copyright&quot;:&quot;&quot;,&quot;focal_length&quot;:&quot;0&quot;,&quot;iso&quot;:&quot;0&quot;,&quot;shutter_speed&quot;:&quot;0&quot;,&quot;title&quot;:&quot;&quot;,&quot;orientation&quot;:&quot;0&quot;}\" data-image-title=\"58462781_2392003577497579_2574814060520407040_n\" data-image-description=\"\" data-image-caption=\"\" data-large-file=\"https:\/\/i0.wp.com\/www.pfadfinder-selm.de\/wp-content\/uploads\/2019\/04\/58462781_2392003577497579_2574814060520407040_n.jpg?fit=960%2C640&amp;ssl=1\" src=\"https:\/\/i0.wp.com\/www.pfadfinder-selm.de\/wp-content\/uploads\/2019\/04\/58462781_2392003577497579_2574814060520407040_n.jpg?resize=960%2C640&#038;ssl=1\" alt=\"\" data-id=\"765\" data-link=\"https:\/\/www.pfadfinder-selm.de\/?attachment_id=765\" class=\"wp-image-765\"\/><figcaption>Viele G\u00e4ste fanden den Weg zum Osterfeuer<\/figcaption><\/figure><\/li><li class=\"blocks-gallery-item\"><figure><img data-recalc-dims=\"1\" loading=\"lazy\" decoding=\"async\" width=\"960\" height=\"640\" data-attachment-id=\"766\" data-permalink=\"https:\/\/www.pfadfinder-selm.de\/index.php\/2019\/04\/23\/osterfeuer-2019\/58068405_2392004200830850_160320954382155776_n\/\" data-orig-file=\"https:\/\/i0.wp.com\/www.pfadfinder-selm.de\/wp-content\/uploads\/2019\/04\/58068405_2392004200830850_160320954382155776_n.jpg?fit=960%2C640&amp;ssl=1\" data-orig-size=\"960,640\" data-comments-opened=\"1\" data-image-meta=\"{&quot;aperture&quot;:&quot;0&quot;,&quot;credit&quot;:&quot;&quot;,&quot;camera&quot;:&quot;&quot;,&quot;caption&quot;:&quot;&quot;,&quot;created_timestamp&quot;:&quot;0&quot;,&quot;copyright&quot;:&quot;&quot;,&quot;focal_length&quot;:&quot;0&quot;,&quot;iso&quot;:&quot;0&quot;,&quot;shutter_speed&quot;:&quot;0&quot;,&quot;title&quot;:&quot;&quot;,&quot;orientation&quot;:&quot;0&quot;}\" data-image-title=\"58068405_2392004200830850_160320954382155776_n\" data-image-description=\"\" data-image-caption=\"\" data-large-file=\"https:\/\/i0.wp.com\/www.pfadfinder-selm.de\/wp-content\/uploads\/2019\/04\/58068405_2392004200830850_160320954382155776_n.jpg?fit=960%2C640&amp;ssl=1\" src=\"https:\/\/i0.wp.com\/www.pfadfinder-selm.de\/wp-content\/uploads\/2019\/04\/58068405_2392004200830850_160320954382155776_n.jpg?resize=960%2C640&#038;ssl=1\" alt=\"\" data-id=\"766\" data-link=\"https:\/\/www.pfadfinder-selm.de\/?attachment_id=766\" class=\"wp-image-766\"\/><figcaption>Die Leiter- und Roverrunde machten eine Feuershow<\/figcaption><\/figure><\/li><li class=\"blocks-gallery-item\"><figure><img data-recalc-dims=\"1\" loading=\"lazy\" decoding=\"async\" width=\"960\" height=\"640\" data-attachment-id=\"771\" data-permalink=\"https:\/\/www.pfadfinder-selm.de\/index.php\/2019\/04\/23\/osterfeuer-2019\/57591544_2392003717497565_2982618164438761472_n-4\/\" data-orig-file=\"https:\/\/i0.wp.com\/www.pfadfinder-selm.de\/wp-content\/uploads\/2019\/04\/57591544_2392003717497565_2982618164438761472_n-3.jpg?fit=960%2C640&amp;ssl=1\" data-orig-size=\"960,640\" data-comments-opened=\"1\" data-image-meta=\"{&quot;aperture&quot;:&quot;0&quot;,&quot;credit&quot;:&quot;&quot;,&quot;camera&quot;:&quot;&quot;,&quot;caption&quot;:&quot;&quot;,&quot;created_timestamp&quot;:&quot;0&quot;,&quot;copyright&quot;:&quot;&quot;,&quot;focal_length&quot;:&quot;0&quot;,&quot;iso&quot;:&quot;0&quot;,&quot;shutter_speed&quot;:&quot;0&quot;,&quot;title&quot;:&quot;&quot;,&quot;orientation&quot;:&quot;0&quot;}\" data-image-title=\"57591544_2392003717497565_2982618164438761472_n\" data-image-description=\"\" data-image-caption=\"\" data-large-file=\"https:\/\/i0.wp.com\/www.pfadfinder-selm.de\/wp-content\/uploads\/2019\/04\/57591544_2392003717497565_2982618164438761472_n-3.jpg?fit=960%2C640&amp;ssl=1\" src=\"https:\/\/i0.wp.com\/www.pfadfinder-selm.de\/wp-content\/uploads\/2019\/04\/57591544_2392003717497565_2982618164438761472_n-3.jpg?resize=960%2C640&#038;ssl=1\" alt=\"\" data-id=\"771\" data-link=\"https:\/\/www.pfadfinder-selm.de\/?attachment_id=771\" class=\"wp-image-771\"\/><figcaption>Es gab wieder leckere Grillwurst<\/figcaption><\/figure><\/li><li class=\"blocks-gallery-item\"><figure><img data-recalc-dims=\"1\" loading=\"lazy\" decoding=\"async\" width=\"373\" height=\"280\" data-attachment-id=\"772\" data-permalink=\"https:\/\/www.pfadfinder-selm.de\/index.php\/2019\/04\/23\/osterfeuer-2019\/57459267_809047382815676_6274344072903655424_n-2\/\" data-orig-file=\"https:\/\/i0.wp.com\/www.pfadfinder-selm.de\/wp-content\/uploads\/2019\/04\/57459267_809047382815676_6274344072903655424_n-1.jpg?fit=373%2C280&amp;ssl=1\" data-orig-size=\"373,280\" data-comments-opened=\"1\" data-image-meta=\"{&quot;aperture&quot;:&quot;0&quot;,&quot;credit&quot;:&quot;&quot;,&quot;camera&quot;:&quot;&quot;,&quot;caption&quot;:&quot;&quot;,&quot;created_timestamp&quot;:&quot;0&quot;,&quot;copyright&quot;:&quot;&quot;,&quot;focal_length&quot;:&quot;0&quot;,&quot;iso&quot;:&quot;0&quot;,&quot;shutter_speed&quot;:&quot;0&quot;,&quot;title&quot;:&quot;&quot;,&quot;orientation&quot;:&quot;0&quot;}\" data-image-title=\"57459267_809047382815676_6274344072903655424_n\" data-image-description=\"\" data-image-caption=\"\" data-large-file=\"https:\/\/i0.wp.com\/www.pfadfinder-selm.de\/wp-content\/uploads\/2019\/04\/57459267_809047382815676_6274344072903655424_n-1.jpg?fit=373%2C280&amp;ssl=1\" src=\"https:\/\/i0.wp.com\/www.pfadfinder-selm.de\/wp-content\/uploads\/2019\/04\/57459267_809047382815676_6274344072903655424_n-1.jpg?resize=373%2C280&#038;ssl=1\" alt=\"\" data-id=\"772\" data-link=\"https:\/\/www.pfadfinder-selm.de\/?attachment_id=772\" class=\"wp-image-772\"\/><figcaption>Der Sonnenuntergang beim Osterfeuer<\/figcaption><\/figure><\/li><li class=\"blocks-gallery-item\"><figure><img data-recalc-dims=\"1\" loading=\"lazy\" decoding=\"async\" width=\"960\" height=\"640\" data-attachment-id=\"773\" data-permalink=\"https:\/\/www.pfadfinder-selm.de\/index.php\/2019\/04\/23\/osterfeuer-2019\/58380302_2392004100830860_2928306623648628736_n-2\/\" data-orig-file=\"https:\/\/i0.wp.com\/www.pfadfinder-selm.de\/wp-content\/uploads\/2019\/04\/58380302_2392004100830860_2928306623648628736_n-1.jpg?fit=960%2C640&amp;ssl=1\" data-orig-size=\"960,640\" data-comments-opened=\"1\" data-image-meta=\"{&quot;aperture&quot;:&quot;0&quot;,&quot;credit&quot;:&quot;&quot;,&quot;camera&quot;:&quot;&quot;,&quot;caption&quot;:&quot;&quot;,&quot;created_timestamp&quot;:&quot;0&quot;,&quot;copyright&quot;:&quot;&quot;,&quot;focal_length&quot;:&quot;0&quot;,&quot;iso&quot;:&quot;0&quot;,&quot;shutter_speed&quot;:&quot;0&quot;,&quot;title&quot;:&quot;&quot;,&quot;orientation&quot;:&quot;0&quot;}\" data-image-title=\"58380302_2392004100830860_2928306623648628736_n\" data-image-description=\"\" data-image-caption=\"\" data-large-file=\"https:\/\/i0.wp.com\/www.pfadfinder-selm.de\/wp-content\/uploads\/2019\/04\/58380302_2392004100830860_2928306623648628736_n-1.jpg?fit=960%2C640&amp;ssl=1\" src=\"https:\/\/i0.wp.com\/www.pfadfinder-selm.de\/wp-content\/uploads\/2019\/04\/58380302_2392004100830860_2928306623648628736_n-1.jpg?resize=960%2C640&#038;ssl=1\" alt=\"\" data-id=\"773\" data-link=\"https:\/\/www.pfadfinder-selm.de\/?attachment_id=773\" class=\"wp-image-773\"\/><figcaption>Die Feuershow der Leiter- und Roverrunde<\/figcaption><\/figure><\/li><li class=\"blocks-gallery-item\"><figure><img data-recalc-dims=\"1\" loading=\"lazy\" decoding=\"async\" width=\"960\" height=\"640\" data-attachment-id=\"774\" data-permalink=\"https:\/\/www.pfadfinder-selm.de\/index.php\/2019\/04\/23\/osterfeuer-2019\/58375442_2392003790830891_1341721845962899456_n-3\/\" data-orig-file=\"https:\/\/i0.wp.com\/www.pfadfinder-selm.de\/wp-content\/uploads\/2019\/04\/58375442_2392003790830891_1341721845962899456_n-2.jpg?fit=960%2C640&amp;ssl=1\" data-orig-size=\"960,640\" data-comments-opened=\"1\" data-image-meta=\"{&quot;aperture&quot;:&quot;0&quot;,&quot;credit&quot;:&quot;&quot;,&quot;camera&quot;:&quot;&quot;,&quot;caption&quot;:&quot;&quot;,&quot;created_timestamp&quot;:&quot;0&quot;,&quot;copyright&quot;:&quot;&quot;,&quot;focal_length&quot;:&quot;0&quot;,&quot;iso&quot;:&quot;0&quot;,&quot;shutter_speed&quot;:&quot;0&quot;,&quot;title&quot;:&quot;&quot;,&quot;orientation&quot;:&quot;0&quot;}\" data-image-title=\"58375442_2392003790830891_1341721845962899456_n\" data-image-description=\"\" data-image-caption=\"\" data-large-file=\"https:\/\/i0.wp.com\/www.pfadfinder-selm.de\/wp-content\/uploads\/2019\/04\/58375442_2392003790830891_1341721845962899456_n-2.jpg?fit=960%2C640&amp;ssl=1\" src=\"https:\/\/i0.wp.com\/www.pfadfinder-selm.de\/wp-content\/uploads\/2019\/04\/58375442_2392003790830891_1341721845962899456_n-2.jpg?resize=960%2C640&#038;ssl=1\" alt=\"\" data-id=\"774\" data-link=\"https:\/\/www.pfadfinder-selm.de\/?attachment_id=774\" class=\"wp-image-774\"\/><figcaption>in diesem Jahr wurde auch Stockbrot angeboten<\/figcaption><\/figure><\/li><li class=\"blocks-gallery-item\"><figure><img data-recalc-dims=\"1\" loading=\"lazy\" decoding=\"async\" width=\"960\" height=\"640\" data-attachment-id=\"778\" data-permalink=\"https:\/\/www.pfadfinder-selm.de\/index.php\/2019\/04\/23\/osterfeuer-2019\/58551723_2392004734164130_3363886135041327104_n-3\/\" data-orig-file=\"https:\/\/i0.wp.com\/www.pfadfinder-selm.de\/wp-content\/uploads\/2019\/04\/58551723_2392004734164130_3363886135041327104_n-2.jpg?fit=960%2C640&amp;ssl=1\" data-orig-size=\"960,640\" data-comments-opened=\"1\" data-image-meta=\"{&quot;aperture&quot;:&quot;0&quot;,&quot;credit&quot;:&quot;&quot;,&quot;camera&quot;:&quot;&quot;,&quot;caption&quot;:&quot;&quot;,&quot;created_timestamp&quot;:&quot;0&quot;,&quot;copyright&quot;:&quot;&quot;,&quot;focal_length&quot;:&quot;0&quot;,&quot;iso&quot;:&quot;0&quot;,&quot;shutter_speed&quot;:&quot;0&quot;,&quot;title&quot;:&quot;&quot;,&quot;orientation&quot;:&quot;0&quot;}\" data-image-title=\"58551723_2392004734164130_3363886135041327104_n\" data-image-description=\"\" data-image-caption=\"\" data-large-file=\"https:\/\/i0.wp.com\/www.pfadfinder-selm.de\/wp-content\/uploads\/2019\/04\/58551723_2392004734164130_3363886135041327104_n-2.jpg?fit=960%2C640&amp;ssl=1\" src=\"https:\/\/i0.wp.com\/www.pfadfinder-selm.de\/wp-content\/uploads\/2019\/04\/58551723_2392004734164130_3363886135041327104_n-2.jpg?resize=960%2C640&#038;ssl=1\" alt=\"\" data-id=\"778\" data-link=\"https:\/\/www.pfadfinder-selm.de\/index.php\/2019\/04\/23\/osterfeuer-2019\/58551723_2392004734164130_3363886135041327104_n-3\/\" class=\"wp-image-778\"\/><\/figure><\/li><\/ul>\n","protected":false},"excerpt":{"rendered":"<p>Am vergangenen Sonntag stand wieder das traditionelle Osterfeuer auf dem Plan. Schon zu Beginn des Jahres sammelten die Pfadfinder daf\u00fcr die Weihnachtsb\u00e4ume im gesamten Stadtteil<span class=\"read-more-link\"><a class=\"read-more\" href=\"https:\/\/www.pfadfinder-selm.de\/index.php\/2019\/04\/23\/osterfeuer-2019\/\">Read More<\/a><\/span><\/p>\n","protected":false},"author":1,"featured_media":777,"comment_status":"open","ping_status":"closed","sticky":false,"template":"","format":"standard","meta":{"jetpack_post_was_ever_published":false,"_jetpack_newsletter_access":"","_jetpack_dont_email_post_to_subs":false,"_jetpack_newsletter_tier_id":0,"_jetpack_memberships_contains_paywalled_content":false,"_jetpack_memberships_contains_paid_content":false,"footnotes":""},"categories":[1],"tags":[34,33,35],"class_list":["post-760","post","type-post","status-publish","format-standard","has-post-thumbnail","hentry","category-allgemein","tag-34","tag-osterfeuer-2019","tag-ostern"],"jetpack_featured_media_url":"https:\/\/i0.wp.com\/www.pfadfinder-selm.de\/wp-content\/uploads\/2019\/04\/58551723_2392004734164130_3363886135041327104_n-1.jpg?fit=960%2C640&ssl=1","jetpack_shortlink":"https:\/\/wp.me\/p9OEzS-cg","jetpack_sharing_enabled":true,"_links":{"self":[{"href":"https:\/\/www.pfadfinder-selm.de\/index.php\/wp-json\/wp\/v2\/posts\/760","targetHints":{"allow":["GET"]}}],"collection":[{"href":"https:\/\/www.pfadfinder-selm.de\/index.php\/wp-json\/wp\/v2\/posts"}],"about":[{"href":"https:\/\/www.pfadfinder-selm.de\/index.php\/wp-json\/wp\/v2\/types\/post"}],"author":[{"embeddable":true,"href":"https:\/\/www.pfadfinder-selm.de\/index.php\/wp-json\/wp\/v2\/users\/1"}],"replies":[{"embeddable":true,"href":"https:\/\/www.pfadfinder-selm.de\/index.php\/wp-json\/wp\/v2\/comments?post=760"}],"version-history":[{"count":2,"href":"https:\/\/www.pfadfinder-selm.de\/index.php\/wp-json\/wp\/v2\/posts\/760\/revisions"}],"predecessor-version":[{"id":779,"href":"https:\/\/www.pfadfinder-selm.de\/index.php\/wp-json\/wp\/v2\/posts\/760\/revisions\/779"}],"wp:featuredmedia":[{"embeddable":true,"href":"https:\/\/www.pfadfinder-selm.de\/index.php\/wp-json\/wp\/v2\/media\/777"}],"wp:attachment":[{"href":"https:\/\/www.pfadfinder-selm.de\/index.php\/wp-json\/wp\/v2\/media?parent=760"}],"wp:term":[{"taxonomy":"category","embeddable":true,"href":"https:\/\/www.pfadfinder-selm.de\/index.php\/wp-json\/wp\/v2\/categories?post=760"},{"taxonomy":"post_tag","embeddable":true,"href":"https:\/\/www.pfadfinder-selm.de\/index.php\/wp-json\/wp\/v2\/tags?post=760"}],"curies":[{"name":"wp","href":"https:\/\/api.w.org\/{rel}","templated":true}]}}