{"id":685,"date":"2018-10-02T14:06:50","date_gmt":"2018-10-02T12:06:50","guid":{"rendered":"https:\/\/www.pfadfinder-selm.de\/?p=685"},"modified":"2018-10-02T22:25:05","modified_gmt":"2018-10-02T20:25:05","slug":"stammestag-2018","status":"publish","type":"post","link":"https:\/\/www.pfadfinder-selm.de\/index.php\/2018\/10\/02\/stammestag-2018\/","title":{"rendered":"Stammestag 2018"},"content":{"rendered":"\n<p>Am vergangenen Samstag trafen sich alle Selmer Pfadfinder mit den Eltern und Geschwistern auf der Wiese von Sankt Josef f\u00fcr einen gemeinsamen Aktionstag \u00fcber alle Altersstufen hinweg.<br\/>\u201eDie Idee f\u00fcr diesen Tag hatten wir bereits bei der Jahresplanung im Februar\u201c so Tobias Baum, Vorsitzender des Pfadfinderstamm Selms. \u201eZwar haben wir traditionell jedes Jahr eine Adventsfeier mit all unseren Mitgliedern, aber einfach mal in aller Ruhe am Lagerfeuer sitzen, dazu kommt es sehr selten\u201c so Marina R\u00f6der, die den Tag federf\u00fchrend mitorganisiert hat.<br\/><\/p>\n\n\n\n<div class=\"wp-block-image\"><figure class=\"aligncenter is-resized\"><img data-recalc-dims=\"1\" loading=\"lazy\" decoding=\"async\" data-attachment-id=\"686\" data-permalink=\"https:\/\/www.pfadfinder-selm.de\/index.php\/2018\/10\/02\/stammestag-2018\/whatsapp-image-2018-09-30-at-15-47-15\/\" data-orig-file=\"https:\/\/i0.wp.com\/www.pfadfinder-selm.de\/wp-content\/uploads\/2018\/10\/WhatsApp-Image-2018-09-30-at-15.47.15-e1538480803447.jpeg?fit=1200%2C928&amp;ssl=1\" data-orig-size=\"1200,928\" data-comments-opened=\"1\" data-image-meta=\"{&quot;aperture&quot;:&quot;0&quot;,&quot;credit&quot;:&quot;&quot;,&quot;camera&quot;:&quot;&quot;,&quot;caption&quot;:&quot;&quot;,&quot;created_timestamp&quot;:&quot;0&quot;,&quot;copyright&quot;:&quot;&quot;,&quot;focal_length&quot;:&quot;0&quot;,&quot;iso&quot;:&quot;0&quot;,&quot;shutter_speed&quot;:&quot;0&quot;,&quot;title&quot;:&quot;&quot;,&quot;orientation&quot;:&quot;0&quot;}\" data-image-title=\"WhatsApp Image 2018-09-30 at 15.47.15\" data-image-description=\"\" data-image-caption=\"\" data-large-file=\"https:\/\/i0.wp.com\/www.pfadfinder-selm.de\/wp-content\/uploads\/2018\/10\/WhatsApp-Image-2018-09-30-at-15.47.15-e1538480803447.jpeg?fit=1024%2C792&amp;ssl=1\" src=\"https:\/\/i0.wp.com\/www.pfadfinder-selm.de\/wp-content\/uploads\/2018\/10\/WhatsApp-Image-2018-09-30-at-15.47.15.jpeg?resize=262%2C348&#038;ssl=1\" alt=\"\" class=\"wp-image-686\" width=\"262\" height=\"348\"\/><figcaption>Der Dutch-Oven mit Mini-Pizzen<br\/><\/figcaption><\/figure><\/div>\n\n\n\n<p>Insgesamt 170 Teilnehmer fanden sich zum Stammestag ein. Jeder hat vorher aus einem bunten Blumenstrau\u00df an Workshops seine Favoriten ausgew\u00e4hlt, die er dann am Samstag ausprobieren konnte. Es wurde wirklich viel angeboten. Die Aufgaben gingen vom sogenannten \u201eA-Laufen\u201c, \u00fcber \u201ePfadfinder-Riesenrad\u201c, \u201ePfadfinderknoten\u201c, \u201eKistenklettern\u201c, \u201eLagerfeuerlieder\u201c, \u201eOrientierung mit Karte\/Kompass\u201c bis hin zum \u201eKochen \u00fcberm Lagerfeuer\u201c. \u201eDieser Tag zeigt, welches Knowhow und welche Vielfalt im Pfadfinderstamm Selm steckt\u201c so die Altpfadfindern Cato Kieslich.<\/p>\n\n\n\n<div class=\"wp-block-image\"><figure class=\"aligncenter is-resized\"><img data-recalc-dims=\"1\" loading=\"lazy\" decoding=\"async\" data-attachment-id=\"689\" data-permalink=\"https:\/\/www.pfadfinder-selm.de\/index.php\/2018\/10\/02\/stammestag-2018\/whatsapp-image-2018-09-30-at-15-47-19-2\/\" data-orig-file=\"https:\/\/i0.wp.com\/www.pfadfinder-selm.de\/wp-content\/uploads\/2018\/10\/WhatsApp-Image-2018-09-30-at-15.47.19-1.jpeg?fit=1600%2C1200&amp;ssl=1\" data-orig-size=\"1600,1200\" data-comments-opened=\"1\" data-image-meta=\"{&quot;aperture&quot;:&quot;0&quot;,&quot;credit&quot;:&quot;&quot;,&quot;camera&quot;:&quot;&quot;,&quot;caption&quot;:&quot;&quot;,&quot;created_timestamp&quot;:&quot;0&quot;,&quot;copyright&quot;:&quot;&quot;,&quot;focal_length&quot;:&quot;0&quot;,&quot;iso&quot;:&quot;0&quot;,&quot;shutter_speed&quot;:&quot;0&quot;,&quot;title&quot;:&quot;&quot;,&quot;orientation&quot;:&quot;0&quot;}\" data-image-title=\"WhatsApp Image 2018-09-30 at 15.47.19\" data-image-description=\"\" data-image-caption=\"\" data-large-file=\"https:\/\/i0.wp.com\/www.pfadfinder-selm.de\/wp-content\/uploads\/2018\/10\/WhatsApp-Image-2018-09-30-at-15.47.19-1.jpeg?fit=1024%2C768&amp;ssl=1\" src=\"https:\/\/i0.wp.com\/www.pfadfinder-selm.de\/wp-content\/uploads\/2018\/10\/WhatsApp-Image-2018-09-30-at-15.47.19-1.jpeg?resize=800%2C600&#038;ssl=1\" alt=\"\" class=\"wp-image-689\" width=\"800\" height=\"600\"\/><figcaption>Nicole Thien h\u00e4llt zur Er\u00f6ffnung des Tages einen kurzen Wortgottesdienst<\/figcaption><\/figure><\/div>\n\n\n\n<p>Gestartet wurde der Tag mit einem Gottesdienst, organisiert von Nicole Thien. Im Nachgang starteten auch schon die vielen Aktionen. Ein besonderer Hingucker war das selbst zwischen zwei B\u00e4umen errichtete Riesenrad. Das Riesenrad wurde durch die Roverrunde Affenbande konstruiert, aufgebaut und betrieben. Gerade f\u00fcr unsere Kleinsten war dies ein gro\u00dfer Spa\u00df und der bis in die Abendstunden nicht aufh\u00f6ren sollte.<br\/>Ein gro\u00dfer Spa\u00df war auch das Kochen \u00fcberm Lagerfeuer. Nicht nur das klassische Stockbrot, sondern auch Pizza aus dem \u201eDutch-Oven\u201c, \u201ebelgische Waffeln\u201c oder Sandwischtoast wurden \u00fcber dem Lagerfeuer von Jung- und Alt gekocht.<\/p>\n\n\n\n<div class=\"wp-block-image\"><figure class=\"aligncenter is-resized\"><img data-recalc-dims=\"1\" loading=\"lazy\" decoding=\"async\" data-attachment-id=\"692\" data-permalink=\"https:\/\/www.pfadfinder-selm.de\/index.php\/2018\/10\/02\/stammestag-2018\/whatsapp-image-2018-09-30-at-15-47-11\/\" data-orig-file=\"https:\/\/i0.wp.com\/www.pfadfinder-selm.de\/wp-content\/uploads\/2018\/10\/WhatsApp-Image-2018-09-30-at-15.47.11.jpeg?fit=1200%2C1600&amp;ssl=1\" data-orig-size=\"1200,1600\" data-comments-opened=\"1\" data-image-meta=\"{&quot;aperture&quot;:&quot;0&quot;,&quot;credit&quot;:&quot;&quot;,&quot;camera&quot;:&quot;&quot;,&quot;caption&quot;:&quot;&quot;,&quot;created_timestamp&quot;:&quot;0&quot;,&quot;copyright&quot;:&quot;&quot;,&quot;focal_length&quot;:&quot;0&quot;,&quot;iso&quot;:&quot;0&quot;,&quot;shutter_speed&quot;:&quot;0&quot;,&quot;title&quot;:&quot;&quot;,&quot;orientation&quot;:&quot;0&quot;}\" data-image-title=\"WhatsApp Image 2018-09-30 at 15.47.11\" data-image-description=\"\" data-image-caption=\"\" data-large-file=\"https:\/\/i0.wp.com\/www.pfadfinder-selm.de\/wp-content\/uploads\/2018\/10\/WhatsApp-Image-2018-09-30-at-15.47.11.jpeg?fit=768%2C1024&amp;ssl=1\" src=\"https:\/\/i0.wp.com\/www.pfadfinder-selm.de\/wp-content\/uploads\/2018\/10\/WhatsApp-Image-2018-09-30-at-15.47.11.jpeg?resize=251%2C334&#038;ssl=1\" alt=\"\" class=\"wp-image-692\" width=\"251\" height=\"334\"\/><figcaption>Das Riesenrad<\/figcaption><\/figure><\/div>\n\n\n\n<p>Auch sportlich ging es bei den Pfadfindern zu. Beim A-Lauf musste man auf einem gro\u00dfen \u201eA\u201c gemeinsam eine Distanz zur\u00fcckbewegen. Beim Kistenklettern ging es hoch hinaus.<\/p>\n\n\n\n<div class=\"wp-block-image\"><figure class=\"aligncenter is-resized\"><img data-recalc-dims=\"1\" loading=\"lazy\" decoding=\"async\" data-attachment-id=\"690\" data-permalink=\"https:\/\/www.pfadfinder-selm.de\/index.php\/2018\/10\/02\/stammestag-2018\/kisten-klettern\/\" data-orig-file=\"https:\/\/i0.wp.com\/www.pfadfinder-selm.de\/wp-content\/uploads\/2018\/10\/Kisten-klettern.jpg?fit=1385%2C924&amp;ssl=1\" data-orig-size=\"1385,924\" data-comments-opened=\"1\" data-image-meta=\"{&quot;aperture&quot;:&quot;0&quot;,&quot;credit&quot;:&quot;&quot;,&quot;camera&quot;:&quot;&quot;,&quot;caption&quot;:&quot;&quot;,&quot;created_timestamp&quot;:&quot;0&quot;,&quot;copyright&quot;:&quot;&quot;,&quot;focal_length&quot;:&quot;0&quot;,&quot;iso&quot;:&quot;0&quot;,&quot;shutter_speed&quot;:&quot;0&quot;,&quot;title&quot;:&quot;&quot;,&quot;orientation&quot;:&quot;0&quot;}\" data-image-title=\"Kisten klettern\" data-image-description=\"\" data-image-caption=\"\" data-large-file=\"https:\/\/i0.wp.com\/www.pfadfinder-selm.de\/wp-content\/uploads\/2018\/10\/Kisten-klettern.jpg?fit=1024%2C683&amp;ssl=1\" src=\"https:\/\/i0.wp.com\/www.pfadfinder-selm.de\/wp-content\/uploads\/2018\/10\/Kisten-klettern.jpg?resize=387%2C258&#038;ssl=1\" alt=\"\" class=\"wp-image-690\" width=\"387\" height=\"258\"\/><figcaption>Kisten-Klettern<\/figcaption><\/figure><\/div>\n\n\n\n<p>Gegen Abend haben Marie und Sara aus den Koalas ihr Jungpfadfinderversprechen abgelegt und Michael Kohls (stell. Vorsitzender F\u00f6rderverein Pfadfinder Selm e.V.) lobte das ehrenamtliche Engagement der Leiterrunde und erkl\u00e4rte, warum der Pfadfinderstamm Selm nur durch viele Mitglieder im F\u00f6rderverein in dieser Form existieren kann.<\/p>\n\n\n\n<p>Zum Abschluss gab es ein gemeinsames Abendessen. Das Sommerlagerk\u00fcchenteam hat unterst\u00fctzt durch viele Salatspenden der Eltern ein Festmahl kredenzt. \u201eWir m\u00f6chten den Eltern zeigen, was wir k\u00f6nnen. Deshalb haben wir f\u00fcr alle Spare-Rips in einem Erdloch gegart\u201c, so Marcel Malkemper aus dem K\u00fcchenteam.<\/p>\n\n\n\n<div class=\"wp-block-image\"><figure class=\"aligncenter is-resized\"><img data-recalc-dims=\"1\" loading=\"lazy\" decoding=\"async\" data-attachment-id=\"691\" data-permalink=\"https:\/\/www.pfadfinder-selm.de\/index.php\/2018\/10\/02\/stammestag-2018\/rippchen\/\" data-orig-file=\"https:\/\/i0.wp.com\/www.pfadfinder-selm.de\/wp-content\/uploads\/2018\/10\/Rippchen.jpg?fit=1385%2C924&amp;ssl=1\" data-orig-size=\"1385,924\" data-comments-opened=\"1\" data-image-meta=\"{&quot;aperture&quot;:&quot;0&quot;,&quot;credit&quot;:&quot;&quot;,&quot;camera&quot;:&quot;&quot;,&quot;caption&quot;:&quot;&quot;,&quot;created_timestamp&quot;:&quot;0&quot;,&quot;copyright&quot;:&quot;&quot;,&quot;focal_length&quot;:&quot;0&quot;,&quot;iso&quot;:&quot;0&quot;,&quot;shutter_speed&quot;:&quot;0&quot;,&quot;title&quot;:&quot;&quot;,&quot;orientation&quot;:&quot;0&quot;}\" data-image-title=\"Rippchen\" data-image-description=\"\" data-image-caption=\"\" data-large-file=\"https:\/\/i0.wp.com\/www.pfadfinder-selm.de\/wp-content\/uploads\/2018\/10\/Rippchen.jpg?fit=1024%2C683&amp;ssl=1\" src=\"https:\/\/i0.wp.com\/www.pfadfinder-selm.de\/wp-content\/uploads\/2018\/10\/Rippchen.jpg?resize=693%2C462&#038;ssl=1\" alt=\"\" class=\"wp-image-691\" width=\"693\" height=\"462\"\/><figcaption>Spareribs im Erdofen gegart<\/figcaption><\/figure><\/div>\n\n\n\n<p>Der Vorstand der Pfadfinder m\u00f6chte sich an dieser Stelle f\u00fcr das gro\u00dfartige Engagement der Leiterrunde bedanken. <\/p>\n","protected":false},"excerpt":{"rendered":"<p>Am vergangenen Samstag trafen sich alle Selmer Pfadfinder mit den Eltern und Geschwistern auf der Wiese von Sankt Josef f\u00fcr einen gemeinsamen Aktionstag \u00fcber alle<span class=\"read-more-link\"><a class=\"read-more\" href=\"https:\/\/www.pfadfinder-selm.de\/index.php\/2018\/10\/02\/stammestag-2018\/\">Read More<\/a><\/span><\/p>\n","protected":false},"author":1,"featured_media":308,"comment_status":"open","ping_status":"closed","sticky":false,"template":"","format":"standard","meta":{"jetpack_post_was_ever_published":false,"_jetpack_newsletter_access":"","_jetpack_dont_email_post_to_subs":false,"_jetpack_newsletter_tier_id":0,"_jetpack_memberships_contains_paywalled_content":false,"_jetpack_memberships_contains_paid_content":false,"footnotes":""},"categories":[1],"tags":[],"class_list":["post-685","post","type-post","status-publish","format-standard","has-post-thumbnail","hentry","category-allgemein"],"jetpack_featured_media_url":"https:\/\/i0.wp.com\/www.pfadfinder-selm.de\/wp-content\/uploads\/2018\/04\/Stamm.jpg?fit=1920%2C1080&ssl=1","jetpack_shortlink":"https:\/\/wp.me\/p9OEzS-b3","jetpack_sharing_enabled":true,"_links":{"self":[{"href":"https:\/\/www.pfadfinder-selm.de\/index.php\/wp-json\/wp\/v2\/posts\/685","targetHints":{"allow":["GET"]}}],"collection":[{"href":"https:\/\/www.pfadfinder-selm.de\/index.php\/wp-json\/wp\/v2\/posts"}],"about":[{"href":"https:\/\/www.pfadfinder-selm.de\/index.php\/wp-json\/wp\/v2\/types\/post"}],"author":[{"embeddable":true,"href":"https:\/\/www.pfadfinder-selm.de\/index.php\/wp-json\/wp\/v2\/users\/1"}],"replies":[{"embeddable":true,"href":"https:\/\/www.pfadfinder-selm.de\/index.php\/wp-json\/wp\/v2\/comments?post=685"}],"version-history":[{"count":3,"href":"https:\/\/www.pfadfinder-selm.de\/index.php\/wp-json\/wp\/v2\/posts\/685\/revisions"}],"predecessor-version":[{"id":696,"href":"https:\/\/www.pfadfinder-selm.de\/index.php\/wp-json\/wp\/v2\/posts\/685\/revisions\/696"}],"wp:featuredmedia":[{"embeddable":true,"href":"https:\/\/www.pfadfinder-selm.de\/index.php\/wp-json\/wp\/v2\/media\/308"}],"wp:attachment":[{"href":"https:\/\/www.pfadfinder-selm.de\/index.php\/wp-json\/wp\/v2\/media?parent=685"}],"wp:term":[{"taxonomy":"category","embeddable":true,"href":"https:\/\/www.pfadfinder-selm.de\/index.php\/wp-json\/wp\/v2\/categories?post=685"},{"taxonomy":"post_tag","embeddable":true,"href":"https:\/\/www.pfadfinder-selm.de\/index.php\/wp-json\/wp\/v2\/tags?post=685"}],"curies":[{"name":"wp","href":"https:\/\/api.w.org\/{rel}","templated":true}]}}