{"id":504,"date":"2018-04-29T12:00:53","date_gmt":"2018-04-29T10:00:53","guid":{"rendered":"https:\/\/www.pfadfinder-selm.de\/?p=504"},"modified":"2018-05-02T00:48:58","modified_gmt":"2018-05-01T22:48:58","slug":"vereinsvoting-der-volksbank-selm-bork-e-g","status":"publish","type":"post","link":"https:\/\/www.pfadfinder-selm.de\/index.php\/2018\/04\/29\/vereinsvoting-der-volksbank-selm-bork-e-g\/","title":{"rendered":"Vereinsvoting der Volksbank Selm-Bork e.G."},"content":{"rendered":"<p>Die Volksbank Selm feiert ihr 125 J\u00e4hriges Jubil\u00e4um und veranstaltet dabei ein Vereinsvoting mit Geldpreisen von bis zu 5.000\u20ac.<\/p>\n<p>Auch wir haben ein Projekt eingereicht und w\u00fcrden uns freuen, wenn ihr dies mit eurer Stimme unterst\u00fctzen w\u00fcrdet.<\/p>\n<p>Es geht um einen Austausch mit unseren englischen Pfadfinder-Freunden.<\/p>\n<p>Wir w\u00fcrden im n\u00e4chsten Jahr gerne wieder nach Workington fahren und m\u00f6chten mit dieser Aktion ein bisschen die Finanzierung absichern. So k\u00f6nnen wir die Fahrt f\u00fcr m\u00f6glichst viele Teilnehmer zu einem m\u00f6glichst geringen Kosten anbieten.<\/p>\n<p>Ab dem 1. Mai bis zum 31. Mai 2018 k\u00f6nnt ihr f\u00fcr uns abstimmen.<\/p>\n<p>Wenn ihr dann gerade dabei seid, k\u00f6nnt ihr mit euer zweiten Stimme auch gleich noch f\u00fcr das Projekt Kletterturm am Kirchturm St. Josef abstimme. Eingereicht wurde es zwar von der Gemeinde, aber die Idee eines Kletterturms stammt von uns.<\/p>\n<p>Die direkten Links dazu findet ihr hier:\u00a0<a href=\"https:\/\/v35.vereinsvoting.de\/smartlink.php?appId=22191&amp;item_id=30754&amp;route=items%2F30754&amp;lang=de_DE\" target=\"_blank\" rel=\"noopener\">England Austausch<\/a>\u00a0&amp;\u00a0<a href=\"https:\/\/v35.vereinsvoting.de\/items\/31098?appId=22191\" target=\"_blank\" rel=\"noopener\">Kletterturm<\/a><\/p>\n","protected":false},"excerpt":{"rendered":"<p>Die Volksbank Selm feiert ihr 125 J\u00e4hriges Jubil\u00e4um und veranstaltet dabei ein Vereinsvoting mit Geldpreisen von bis zu 5.000\u20ac. Auch wir haben ein Projekt eingereicht<span class=\"read-more-link\"><a class=\"read-more\" href=\"https:\/\/www.pfadfinder-selm.de\/index.php\/2018\/04\/29\/vereinsvoting-der-volksbank-selm-bork-e-g\/\">Read More<\/a><\/span><\/p>\n","protected":false},"author":1,"featured_media":510,"comment_status":"open","ping_status":"closed","sticky":false,"template":"","format":"standard","meta":{"jetpack_post_was_ever_published":false,"_jetpack_newsletter_access":"","_jetpack_dont_email_post_to_subs":false,"_jetpack_newsletter_tier_id":0,"_jetpack_memberships_contains_paywalled_content":false,"_jetpack_memberships_contains_paid_content":false,"footnotes":""},"categories":[1],"tags":[],"class_list":["post-504","post","type-post","status-publish","format-standard","has-post-thumbnail","hentry","category-allgemein"],"jetpack_featured_media_url":"https:\/\/i0.wp.com\/www.pfadfinder-selm.de\/wp-content\/uploads\/2018\/04\/04242018165154-1-e1524597671778.jpg?fit=4032%2C1925&ssl=1","jetpack_shortlink":"https:\/\/wp.me\/p9OEzS-88","jetpack_sharing_enabled":true,"_links":{"self":[{"href":"https:\/\/www.pfadfinder-selm.de\/index.php\/wp-json\/wp\/v2\/posts\/504","targetHints":{"allow":["GET"]}}],"collection":[{"href":"https:\/\/www.pfadfinder-selm.de\/index.php\/wp-json\/wp\/v2\/posts"}],"about":[{"href":"https:\/\/www.pfadfinder-selm.de\/index.php\/wp-json\/wp\/v2\/types\/post"}],"author":[{"embeddable":true,"href":"https:\/\/www.pfadfinder-selm.de\/index.php\/wp-json\/wp\/v2\/users\/1"}],"replies":[{"embeddable":true,"href":"https:\/\/www.pfadfinder-selm.de\/index.php\/wp-json\/wp\/v2\/comments?post=504"}],"version-history":[{"count":7,"href":"https:\/\/www.pfadfinder-selm.de\/index.php\/wp-json\/wp\/v2\/posts\/504\/revisions"}],"predecessor-version":[{"id":546,"href":"https:\/\/www.pfadfinder-selm.de\/index.php\/wp-json\/wp\/v2\/posts\/504\/revisions\/546"}],"wp:featuredmedia":[{"embeddable":true,"href":"https:\/\/www.pfadfinder-selm.de\/index.php\/wp-json\/wp\/v2\/media\/510"}],"wp:attachment":[{"href":"https:\/\/www.pfadfinder-selm.de\/index.php\/wp-json\/wp\/v2\/media?parent=504"}],"wp:term":[{"taxonomy":"category","embeddable":true,"href":"https:\/\/www.pfadfinder-selm.de\/index.php\/wp-json\/wp\/v2\/categories?post=504"},{"taxonomy":"post_tag","embeddable":true,"href":"https:\/\/www.pfadfinder-selm.de\/index.php\/wp-json\/wp\/v2\/tags?post=504"}],"curies":[{"name":"wp","href":"https:\/\/api.w.org\/{rel}","templated":true}]}}