{"id":431,"date":"2018-04-24T09:00:11","date_gmt":"2018-04-24T07:00:11","guid":{"rendered":"https:\/\/www.pfadfinder-selm.de\/?p=431"},"modified":"2018-04-24T09:28:29","modified_gmt":"2018-04-24T07:28:29","slug":"das-war-die-stammesversammlung-2018","status":"publish","type":"post","link":"https:\/\/www.pfadfinder-selm.de\/index.php\/2018\/04\/24\/das-war-die-stammesversammlung-2018\/","title":{"rendered":"Das war die Stammesversammlung 2018"},"content":{"rendered":"<p>Am vergangene Montag, den 23. April 2018, fand unsere diesj\u00e4hrige Stammesversammlung statt.<\/p>\n<p>Gemeinsam mit vielen Pfadfindern und Eltern haben wir das Jahr noch einmal reflektiert und die sch\u00f6nsten Momente Revue passieren lassen. So blickten wir voller Freude und Stolz auf unser Stammesjubil\u00e4um zur\u00fcck, oder redeten \u00fcber die sch\u00f6nsten Momente des Di\u00f6zesanlagers.<\/p>\n<p>Nach den verschiedenen Berichten aus den einzelnen Sippen und des Vorstandes, sowie des Finanzberichtes und einer anschlie\u00dfenden Entlastung des Vorstandes, standen dann noch die\u00a0Wahlen f\u00fcr das Amt des Kuraten\/ der Kuratin auf der Tagesordnung.<\/p>\n<figure id=\"attachment_490\" aria-describedby=\"caption-attachment-490\" style=\"width: 247px\" class=\"wp-caption alignleft\"><img data-recalc-dims=\"1\" loading=\"lazy\" decoding=\"async\" src=\"https:\/\/i0.wp.com\/www.pfadfinder-selm.de\/wp-content\/uploads\/2018\/04\/Antonius.jpeg?resize=270%2C327&#038;ssl=1\" class=\"size-medium\" width=\"270\" height=\"327\"><figcaption id=\"caption-attachment-490\" class=\"wp-caption-text\">Antonius Sandmann<\/figcaption><\/figure>\n<p>Nach mittlerweile 23 Jahren ist Antonius Sandmann nicht nur beruflich in den wohlverdie<\/p>\n<p>nten Ruhestand gegangen. Auch sein Amt als Kurat bei uns Pfadfindern hat er damit offiziell abgegeben.<\/p>\n<p>Wir danken Antonius f\u00fcr die vielen tollen Jahre, in denen er unseren Stamm, nicht nur spirituell, entscheidend mitgepr\u00e4gt, sondern auch immer mit angepackt hat wenn er gebraucht wurde. Vielen Dank Antonius.<\/p>\n<p>Wir freuen uns mit Nicole Thien eine neue Kuratin gefunden zu haben und freuen uns auf die gemeinsame Zeit mit ihr und begr\u00fc\u00dfen sie damit auch bei uns im Vorstand.<\/p>\n<figure id=\"attachment_491\" aria-describedby=\"caption-attachment-491\" style=\"width: 963px\" class=\"wp-caption aligncenter\"><img data-recalc-dims=\"1\" loading=\"lazy\" decoding=\"async\" data-attachment-id=\"491\" data-permalink=\"https:\/\/www.pfadfinder-selm.de\/index.php\/2018\/04\/24\/das-war-die-stammesversammlung-2018\/vorstand\/\" data-orig-file=\"https:\/\/i0.wp.com\/www.pfadfinder-selm.de\/wp-content\/uploads\/2018\/04\/Vorstand.jpeg?fit=963%2C620&amp;ssl=1\" data-orig-size=\"963,620\" data-comments-opened=\"1\" data-image-meta=\"{&quot;aperture&quot;:&quot;0&quot;,&quot;credit&quot;:&quot;&quot;,&quot;camera&quot;:&quot;&quot;,&quot;caption&quot;:&quot;&quot;,&quot;created_timestamp&quot;:&quot;1524524639&quot;,&quot;copyright&quot;:&quot;&quot;,&quot;focal_length&quot;:&quot;0&quot;,&quot;iso&quot;:&quot;0&quot;,&quot;shutter_speed&quot;:&quot;0&quot;,&quot;title&quot;:&quot;&quot;,&quot;orientation&quot;:&quot;1&quot;}\" data-image-title=\"Vorstand\" data-image-description=\"\" data-image-caption=\"&lt;p&gt;v.l. Tobias Baum (Vorsitzender), Nicole Thien (Kuratin), Philipp J\u00fcnemann (Vorsitzender)&lt;\/p&gt;\n\" data-large-file=\"https:\/\/i0.wp.com\/www.pfadfinder-selm.de\/wp-content\/uploads\/2018\/04\/Vorstand.jpeg?fit=963%2C620&amp;ssl=1\" src=\"https:\/\/i0.wp.com\/www.pfadfinder-selm.de\/wp-content\/uploads\/2018\/04\/Vorstand.jpeg?resize=963%2C620&#038;ssl=1\" class=\"size-full wp-image-491\" height=\"620\" alt=\"\" width=\"963\"><figcaption id=\"caption-attachment-491\" class=\"wp-caption-text\">v.l. Tobias Baum (Vorsitzender), Nicole Thien (Kuratin), Philipp J\u00fcnemann (Vorsitzender)<\/figcaption><\/figure>\n","protected":false},"excerpt":{"rendered":"<p>Am vergangene Montag, den 23. April 2018, fand unsere diesj\u00e4hrige Stammesversammlung statt. Gemeinsam mit vielen Pfadfindern und Eltern haben wir das Jahr noch einmal reflektiert<span class=\"read-more-link\"><a class=\"read-more\" href=\"https:\/\/www.pfadfinder-selm.de\/index.php\/2018\/04\/24\/das-war-die-stammesversammlung-2018\/\">Read More<\/a><\/span><\/p>\n","protected":false},"author":1,"featured_media":337,"comment_status":"open","ping_status":"closed","sticky":false,"template":"","format":"standard","meta":{"jetpack_post_was_ever_published":false,"_jetpack_newsletter_access":"","_jetpack_dont_email_post_to_subs":false,"_jetpack_newsletter_tier_id":0,"_jetpack_memberships_contains_paywalled_content":false,"_jetpack_memberships_contains_paid_content":false,"footnotes":""},"categories":[1],"tags":[],"class_list":["post-431","post","type-post","status-publish","format-standard","has-post-thumbnail","hentry","category-allgemein"],"jetpack_featured_media_url":"https:\/\/i0.wp.com\/www.pfadfinder-selm.de\/wp-content\/uploads\/2018\/04\/stammesversammlung-e1523896171145.jpg?fit=1922%2C1081&ssl=1","jetpack_shortlink":"https:\/\/wp.me\/p9OEzS-6X","jetpack_sharing_enabled":true,"_links":{"self":[{"href":"https:\/\/www.pfadfinder-selm.de\/index.php\/wp-json\/wp\/v2\/posts\/431","targetHints":{"allow":["GET"]}}],"collection":[{"href":"https:\/\/www.pfadfinder-selm.de\/index.php\/wp-json\/wp\/v2\/posts"}],"about":[{"href":"https:\/\/www.pfadfinder-selm.de\/index.php\/wp-json\/wp\/v2\/types\/post"}],"author":[{"embeddable":true,"href":"https:\/\/www.pfadfinder-selm.de\/index.php\/wp-json\/wp\/v2\/users\/1"}],"replies":[{"embeddable":true,"href":"https:\/\/www.pfadfinder-selm.de\/index.php\/wp-json\/wp\/v2\/comments?post=431"}],"version-history":[{"count":6,"href":"https:\/\/www.pfadfinder-selm.de\/index.php\/wp-json\/wp\/v2\/posts\/431\/revisions"}],"predecessor-version":[{"id":493,"href":"https:\/\/www.pfadfinder-selm.de\/index.php\/wp-json\/wp\/v2\/posts\/431\/revisions\/493"}],"wp:featuredmedia":[{"embeddable":true,"href":"https:\/\/www.pfadfinder-selm.de\/index.php\/wp-json\/wp\/v2\/media\/337"}],"wp:attachment":[{"href":"https:\/\/www.pfadfinder-selm.de\/index.php\/wp-json\/wp\/v2\/media?parent=431"}],"wp:term":[{"taxonomy":"category","embeddable":true,"href":"https:\/\/www.pfadfinder-selm.de\/index.php\/wp-json\/wp\/v2\/categories?post=431"},{"taxonomy":"post_tag","embeddable":true,"href":"https:\/\/www.pfadfinder-selm.de\/index.php\/wp-json\/wp\/v2\/tags?post=431"}],"curies":[{"name":"wp","href":"https:\/\/api.w.org\/{rel}","templated":true}]}}