{"id":336,"date":"2018-04-18T13:00:20","date_gmt":"2018-04-18T11:00:20","guid":{"rendered":"https:\/\/www.pfadfinder-selm.de\/?p=336"},"modified":"2018-04-23T23:21:09","modified_gmt":"2018-04-23T21:21:09","slug":"stammesversammlung","status":"publish","type":"post","link":"https:\/\/www.pfadfinder-selm.de\/index.php\/2018\/04\/18\/stammesversammlung\/","title":{"rendered":"Stammesversammlung"},"content":{"rendered":"<p>Liebe W\u00f6lflinge, Jungpfadfinder, Pfadfinder, Rover, Leiter und Eltern,<\/p>\n<p>Am Montag, den 23. April 2018 findet um 18:00 Uhr im Jungendheim Sankt Josef unsere diesj\u00e4hrige Stammesversammlung statt, zu der wir euch recht herzlich einladen m\u00f6chten. Eingeladen sind alle Pfadfinder, Leiter, Eltern, Gro\u00dfeltern, Freunde und F\u00f6rderer unseres Stammes. F\u00fcr Getr\u00e4nke und ein wenig Geb\u00e4ck ist gesorgt.<\/p>\n<p>Im Vorfeld findet noch die Elternversammlung statt. Diese beginnt um 17:30 Uhr, dazu sind alle Eltern eingeladen. Wir bitten um zahlreiches erscheinen.<\/p>\n<p>Die Tagesordnung f\u00fcr die Stammesversammlung sieht bisher folgenderma\u00dfen aus:<\/p>\n<ul>\n<li>Begr\u00fc\u00dfung<\/li>\n<li>Feststellung der Beschlussf\u00e4higkeit<\/li>\n<li>Berichte<\/li>\n<li>Ausblick auf die n\u00e4chsten Aktionen<\/li>\n<li>Wahlen<\/li>\n<li>Antr\u00e4ge<\/li>\n<li>Sonstiges<\/li>\n<\/ul>\n<p>Antr\u00e4ge an die Stammesversammlung k\u00f6nnt ihr in schriftlicher Form, beim Vorstand einreichen.<\/p>\n<p>Wir w\u00fcrden uns freuen euch wieder zahlreich begr\u00fc\u00dfen zu d\u00fcrfen und verbleiben<\/p>\n<p>Mit frohen Gr\u00fc\u00dfen und \u201eGut Pfad!\u201c<\/p>\n<p>Euer Vorstand<\/p>\n","protected":false},"excerpt":{"rendered":"<p>Liebe W\u00f6lflinge, Jungpfadfinder, Pfadfinder, Rover, Leiter und Eltern, Am Montag, den 23. April 2018 findet um 18:00 Uhr im Jungendheim Sankt Josef unsere diesj\u00e4hrige Stammesversammlung<span class=\"read-more-link\"><a class=\"read-more\" href=\"https:\/\/www.pfadfinder-selm.de\/index.php\/2018\/04\/18\/stammesversammlung\/\">Read More<\/a><\/span><\/p>\n","protected":false},"author":1,"featured_media":337,"comment_status":"open","ping_status":"closed","sticky":false,"template":"","format":"standard","meta":{"jetpack_post_was_ever_published":false,"_jetpack_newsletter_access":"","_jetpack_dont_email_post_to_subs":false,"_jetpack_newsletter_tier_id":0,"_jetpack_memberships_contains_paywalled_content":false,"_jetpack_memberships_contains_paid_content":false,"footnotes":""},"categories":[1],"tags":[],"class_list":["post-336","post","type-post","status-publish","format-standard","has-post-thumbnail","hentry","category-allgemein"],"jetpack_featured_media_url":"https:\/\/i0.wp.com\/www.pfadfinder-selm.de\/wp-content\/uploads\/2018\/04\/stammesversammlung-e1523896171145.jpg?fit=1922%2C1081&ssl=1","jetpack_shortlink":"https:\/\/wp.me\/p9OEzS-5q","jetpack_sharing_enabled":true,"_links":{"self":[{"href":"https:\/\/www.pfadfinder-selm.de\/index.php\/wp-json\/wp\/v2\/posts\/336","targetHints":{"allow":["GET"]}}],"collection":[{"href":"https:\/\/www.pfadfinder-selm.de\/index.php\/wp-json\/wp\/v2\/posts"}],"about":[{"href":"https:\/\/www.pfadfinder-selm.de\/index.php\/wp-json\/wp\/v2\/types\/post"}],"author":[{"embeddable":true,"href":"https:\/\/www.pfadfinder-selm.de\/index.php\/wp-json\/wp\/v2\/users\/1"}],"replies":[{"embeddable":true,"href":"https:\/\/www.pfadfinder-selm.de\/index.php\/wp-json\/wp\/v2\/comments?post=336"}],"version-history":[{"count":1,"href":"https:\/\/www.pfadfinder-selm.de\/index.php\/wp-json\/wp\/v2\/posts\/336\/revisions"}],"predecessor-version":[{"id":338,"href":"https:\/\/www.pfadfinder-selm.de\/index.php\/wp-json\/wp\/v2\/posts\/336\/revisions\/338"}],"wp:featuredmedia":[{"embeddable":true,"href":"https:\/\/www.pfadfinder-selm.de\/index.php\/wp-json\/wp\/v2\/media\/337"}],"wp:attachment":[{"href":"https:\/\/www.pfadfinder-selm.de\/index.php\/wp-json\/wp\/v2\/media?parent=336"}],"wp:term":[{"taxonomy":"category","embeddable":true,"href":"https:\/\/www.pfadfinder-selm.de\/index.php\/wp-json\/wp\/v2\/categories?post=336"},{"taxonomy":"post_tag","embeddable":true,"href":"https:\/\/www.pfadfinder-selm.de\/index.php\/wp-json\/wp\/v2\/tags?post=336"}],"curies":[{"name":"wp","href":"https:\/\/api.w.org\/{rel}","templated":true}]}}