{"id":293,"date":"2018-04-14T22:03:56","date_gmt":"2018-04-14T20:03:56","guid":{"rendered":"https:\/\/www.pfadfinder-selm.de\/?p=293"},"modified":"2018-04-15T16:49:07","modified_gmt":"2018-04-15T14:49:07","slug":"erste-hilfe-ausbildung","status":"publish","type":"post","link":"https:\/\/www.pfadfinder-selm.de\/index.php\/2018\/04\/14\/erste-hilfe-ausbildung\/","title":{"rendered":"Erste-Hilfe Ausbildung"},"content":{"rendered":"<p><img data-recalc-dims=\"1\" loading=\"lazy\" decoding=\"async\" data-attachment-id=\"291\" data-permalink=\"https:\/\/www.pfadfinder-selm.de\/erste-hilfe-2\/\" data-orig-file=\"https:\/\/i0.wp.com\/www.pfadfinder-selm.de\/wp-content\/uploads\/2018\/04\/Erste-Hilfe-2.jpg?fit=3024%2C4032&amp;ssl=1\" data-orig-size=\"3024,4032\" data-comments-opened=\"1\" data-image-meta=\"{&quot;aperture&quot;:&quot;1.8&quot;,&quot;credit&quot;:&quot;&quot;,&quot;camera&quot;:&quot;iPhone 8 Plus&quot;,&quot;caption&quot;:&quot;&quot;,&quot;created_timestamp&quot;:&quot;1523715961&quot;,&quot;copyright&quot;:&quot;&quot;,&quot;focal_length&quot;:&quot;3.99&quot;,&quot;iso&quot;:&quot;400&quot;,&quot;shutter_speed&quot;:&quot;0.025&quot;,&quot;title&quot;:&quot;&quot;,&quot;orientation&quot;:&quot;1&quot;}\" data-image-title=\"Erste-Hilfe-2\" data-image-description=\"\" data-image-caption=\"\" data-large-file=\"https:\/\/i0.wp.com\/www.pfadfinder-selm.de\/wp-content\/uploads\/2018\/04\/Erste-Hilfe-2.jpg?fit=768%2C1024&amp;ssl=1\" class=\"wp-image-291 size-medium alignright\" src=\"https:\/\/i0.wp.com\/www.pfadfinder-selm.de\/wp-content\/uploads\/2018\/04\/Erste-Hilfe-2.jpg?resize=225%2C300&#038;ssl=1\" alt=\"\" width=\"225\" height=\"300\" \/>Dieses Jahr geht es wieder in unser Sommerlager und auch wenn wir immer aufmerksam sind, kann nat\u00fcrlich trotzdem mal etwas passieren. Um dann in der Lage zu sein schnell und richtig zu handeln, haben sich am Samstag den 14.04.2018 sechs unserer Leiter in Erster-Hilfe ausbilden lassen.<\/p>\n<p>Diese Ausbildung wird von uns regelm\u00e4\u00dfig und f\u00fcr alle unsere Leiter vorgenommen. Wir versuchen dabei den empfohlene Rhythmus von 2 Jahren einzuhalten.<\/p>\n<p>Nat\u00fcrlich hoffen wir Alle, die neu erlernten F\u00e4higkeiten nie einsetzen zu m\u00fcssen, aber so sind wir als Pfadfinder &#8222;Allzeit Bereit&#8220;.<\/p>\n","protected":false},"excerpt":{"rendered":"<p>Dieses Jahr geht es wieder in unser Sommerlager und auch wenn wir immer aufmerksam sind, kann nat\u00fcrlich trotzdem mal etwas passieren. Um dann in der<span class=\"read-more-link\"><a class=\"read-more\" href=\"https:\/\/www.pfadfinder-selm.de\/index.php\/2018\/04\/14\/erste-hilfe-ausbildung\/\">Read More<\/a><\/span><\/p>\n","protected":false},"author":1,"featured_media":292,"comment_status":"open","ping_status":"closed","sticky":false,"template":"","format":"standard","meta":{"jetpack_post_was_ever_published":false,"_jetpack_newsletter_access":"","_jetpack_dont_email_post_to_subs":false,"_jetpack_newsletter_tier_id":0,"_jetpack_memberships_contains_paywalled_content":false,"_jetpack_memberships_contains_paid_content":false,"footnotes":""},"categories":[1],"tags":[],"class_list":["post-293","post","type-post","status-publish","format-standard","has-post-thumbnail","hentry","category-allgemein"],"jetpack_featured_media_url":"https:\/\/i0.wp.com\/www.pfadfinder-selm.de\/wp-content\/uploads\/2018\/04\/Erste-Hilfe.jpg?fit=1920%2C1447&ssl=1","jetpack_shortlink":"https:\/\/wp.me\/p9OEzS-4J","jetpack_sharing_enabled":true,"_links":{"self":[{"href":"https:\/\/www.pfadfinder-selm.de\/index.php\/wp-json\/wp\/v2\/posts\/293","targetHints":{"allow":["GET"]}}],"collection":[{"href":"https:\/\/www.pfadfinder-selm.de\/index.php\/wp-json\/wp\/v2\/posts"}],"about":[{"href":"https:\/\/www.pfadfinder-selm.de\/index.php\/wp-json\/wp\/v2\/types\/post"}],"author":[{"embeddable":true,"href":"https:\/\/www.pfadfinder-selm.de\/index.php\/wp-json\/wp\/v2\/users\/1"}],"replies":[{"embeddable":true,"href":"https:\/\/www.pfadfinder-selm.de\/index.php\/wp-json\/wp\/v2\/comments?post=293"}],"version-history":[{"count":7,"href":"https:\/\/www.pfadfinder-selm.de\/index.php\/wp-json\/wp\/v2\/posts\/293\/revisions"}],"predecessor-version":[{"id":313,"href":"https:\/\/www.pfadfinder-selm.de\/index.php\/wp-json\/wp\/v2\/posts\/293\/revisions\/313"}],"wp:featuredmedia":[{"embeddable":true,"href":"https:\/\/www.pfadfinder-selm.de\/index.php\/wp-json\/wp\/v2\/media\/292"}],"wp:attachment":[{"href":"https:\/\/www.pfadfinder-selm.de\/index.php\/wp-json\/wp\/v2\/media?parent=293"}],"wp:term":[{"taxonomy":"category","embeddable":true,"href":"https:\/\/www.pfadfinder-selm.de\/index.php\/wp-json\/wp\/v2\/categories?post=293"},{"taxonomy":"post_tag","embeddable":true,"href":"https:\/\/www.pfadfinder-selm.de\/index.php\/wp-json\/wp\/v2\/tags?post=293"}],"curies":[{"name":"wp","href":"https:\/\/api.w.org\/{rel}","templated":true}]}}