{"id":1279,"date":"2020-08-26T11:15:30","date_gmt":"2020-08-26T09:15:30","guid":{"rendered":"https:\/\/www.pfadfinder-selm.de\/?p=1279"},"modified":"2020-08-26T11:15:31","modified_gmt":"2020-08-26T09:15:31","slug":"woelflinge-in-coronazeiten","status":"publish","type":"post","link":"https:\/\/www.pfadfinder-selm.de\/index.php\/2020\/08\/26\/woelflinge-in-coronazeiten\/","title":{"rendered":"W\u00f6lflinge in Coronazeiten"},"content":{"rendered":"\n<p>Liebe Kassios, liebe Eltern,<\/p>\n\n\n\n<p>wir haben gute Nachrichten. Wir d\u00fcrfen wieder Gruppenstunden mit euch durchf\u00fchren. So wie fr\u00fcher geht es aber leider nicht. Wir stecken immer noch mitten in der Pandemie und haben deshalb Hygiene- und Abstandsregeln einzuhalten. Auch wenn unsere Heimat, das FindUs, ein Jugendheim ist, treffen wir dort auch immer wieder auf Personengruppen die besonders vor einer Infektion mit Corona gesch\u00fctzt werden m\u00fcssen. Die Coronaregeln sind deshalb bei uns etwas strenger.<\/p>\n\n\n\n<p>Die wichtigste Regel: Wir d\u00fcrfen aktuell keine Gruppenstunden mit mehr als 20 Teilnehmern (inkl. Leitern) im FindUs durchf\u00fchren. Erfahrungsgem\u00e4\u00df sind wir aber bis zu 40 Personen.<\/p>\n\n\n\n<p>Um in Zukunft dennoch wieder die Jugendarbeit mit der Meute Kassiopeia durchf\u00fchren zu k\u00f6nnen, haben wir uns f\u00fcr die folgenden Ma\u00dfnahmen entschieden:<\/p>\n\n\n\n<p>Die urspr\u00fcnglich nach den Herbstferien geplante Hochstufung der \u00e4lteren Kinder in eine neue Gruppe wird vorgezogen. Das bedeutet, dass alle Kinder, die vor dem <strong>1. Oktober 2011<\/strong> geboren wurden, nun eine neue Gruppe gr\u00fcnden.&nbsp; Die <strong>neue Gruppe <\/strong>trifft sich zuk\u00fcnftig montags von <strong>17:00 Uhr<\/strong> bis <strong>18.30 Uhr<\/strong>. Das neue Leitungsteam besteht aus zum Teil bekannten Gesichtern sowie neuen Leitern, die allerdings auch \u00fcber langj\u00e4hrige Erfahrungen in der Jugendarbeit verf\u00fcgen.<\/p>\n\n\n\n<p>Die <strong>Meute Kassiopeia<\/strong>, d.h. Kinder geboren <strong>nach dem 30. September 2011<\/strong>, treffen sich wie gewohnt am Dienstag um 17.30 Uhr bis 19:00 Uhr.<\/p>\n\n\n\n<p>Der Starpunkt ist gesetzt: Es geht am <strong>Montag, 14. September<\/strong> und am <strong>Dienstag, 15. September<\/strong> mit dem Pfadfinden weiter.<\/p>\n\n\n\n<p>Wir sind uns dar\u00fcber im Klaren, dass wahrscheinlich nicht alle Kinder zu dem neuen Termin am Montag Zeit haben, leider ist es dennoch nicht m\u00f6glich diese in der Meute Kassiopeia zu belassen, da diese l\u00e4ngerfristig zu alt f\u00fcr die Meute sein werden. In der neuen Gruppe verbleiben die Kinder bis etwa zum 16. Lebensjahr.<\/p>\n\n\n\n<p>Wichtig ist: Wir k\u00f6nnen derzeit in beiden Gruppen keine neuen Kinder aufnehmen. Bitte bringt deshalb keine Freunde mit. Eintragen auf einer Warteliste k\u00f6nnen sich eure Freunde aber auf der Homepage unter www.pfadfinder-selm.de.<\/p>\n\n\n\n<p>Wie auch in anderen Vereinen sind wir dazu verpflichtet die Kontakte nachzuvollziehen. Daher ist es zu Beginn jeder Gruppenstunde erforderlich, dass die Kinder sich in eine von uns vorbereitete Liste eintragen. Die Liste wird an die Kirchengemeinde \u00fcbermittelt, die f\u00fcr die Kontaktnachverfolgung im Findus zust\u00e4ndig ist.<\/p>\n\n\n\n<p>Wir hoffen ihr seid wohl auf.<\/p>\n\n\n\n<p>Bleibt gesund und gut Pfad<\/p>\n\n\n\n<p>Euer Leitungsteam<\/p>\n","protected":false},"excerpt":{"rendered":"<p>Liebe Kassios, liebe Eltern, wir haben gute Nachrichten. Wir d\u00fcrfen wieder Gruppenstunden mit euch durchf\u00fchren. So wie fr\u00fcher geht es aber leider nicht. Wir stecken<span class=\"read-more-link\"><a class=\"read-more\" href=\"https:\/\/www.pfadfinder-selm.de\/index.php\/2020\/08\/26\/woelflinge-in-coronazeiten\/\">Read More<\/a><\/span><\/p>\n","protected":false},"author":3,"featured_media":0,"comment_status":"open","ping_status":"closed","sticky":false,"template":"","format":"standard","meta":{"jetpack_post_was_ever_published":false,"_jetpack_newsletter_access":"","_jetpack_dont_email_post_to_subs":false,"_jetpack_newsletter_tier_id":0,"_jetpack_memberships_contains_paywalled_content":false,"_jetpack_memberships_contains_paid_content":false,"footnotes":""},"categories":[1],"tags":[],"class_list":["post-1279","post","type-post","status-publish","format-standard","hentry","category-allgemein"],"jetpack_featured_media_url":"","jetpack_shortlink":"https:\/\/wp.me\/p9OEzS-kD","jetpack_sharing_enabled":true,"_links":{"self":[{"href":"https:\/\/www.pfadfinder-selm.de\/index.php\/wp-json\/wp\/v2\/posts\/1279","targetHints":{"allow":["GET"]}}],"collection":[{"href":"https:\/\/www.pfadfinder-selm.de\/index.php\/wp-json\/wp\/v2\/posts"}],"about":[{"href":"https:\/\/www.pfadfinder-selm.de\/index.php\/wp-json\/wp\/v2\/types\/post"}],"author":[{"embeddable":true,"href":"https:\/\/www.pfadfinder-selm.de\/index.php\/wp-json\/wp\/v2\/users\/3"}],"replies":[{"embeddable":true,"href":"https:\/\/www.pfadfinder-selm.de\/index.php\/wp-json\/wp\/v2\/comments?post=1279"}],"version-history":[{"count":1,"href":"https:\/\/www.pfadfinder-selm.de\/index.php\/wp-json\/wp\/v2\/posts\/1279\/revisions"}],"predecessor-version":[{"id":1280,"href":"https:\/\/www.pfadfinder-selm.de\/index.php\/wp-json\/wp\/v2\/posts\/1279\/revisions\/1280"}],"wp:attachment":[{"href":"https:\/\/www.pfadfinder-selm.de\/index.php\/wp-json\/wp\/v2\/media?parent=1279"}],"wp:term":[{"taxonomy":"category","embeddable":true,"href":"https:\/\/www.pfadfinder-selm.de\/index.php\/wp-json\/wp\/v2\/categories?post=1279"},{"taxonomy":"post_tag","embeddable":true,"href":"https:\/\/www.pfadfinder-selm.de\/index.php\/wp-json\/wp\/v2\/tags?post=1279"}],"curies":[{"name":"wp","href":"https:\/\/api.w.org\/{rel}","templated":true}]}}