{"id":1209,"date":"2020-04-28T11:13:48","date_gmt":"2020-04-28T09:13:48","guid":{"rendered":"https:\/\/www.pfadfinder-selm.de\/?p=1209"},"modified":"2020-04-28T11:13:50","modified_gmt":"2020-04-28T09:13:50","slug":"absage-des-sommerlagers-2020","status":"publish","type":"post","link":"https:\/\/www.pfadfinder-selm.de\/index.php\/2020\/04\/28\/absage-des-sommerlagers-2020\/","title":{"rendered":"Absage des Sommerlagers 2020"},"content":{"rendered":"\n<p>Liebe Pfadfinder des Stammes Selm,<\/p>\n\n\n\n<p>leider m\u00fcssen wir euch heute mitteilen, dass unser geplantes Sommerlager vom 27.06. bis 17.07 in diesem Jahr nicht stattfinden kann. Wir haben uns diese Entscheidung nicht leicht gemacht, mussten aber feststellen, dass eine Durchf\u00fchrung aufgrund des Corona-Virus in diesem Jahr nicht m\u00f6glich ist.<\/p>\n\n\n\n<p>Wir verfolgen mit unserem Sommerlager immer den Anspruch eine sch\u00f6ne, spannende und aufregende Zeit f\u00fcr die Kinder und Jugendlichen zu schaffen. Dazu geh\u00f6ren unter anderem Ausfl\u00fcge, Gruppenspiele oder gemeinsame Lagerfeuerabende bei denen wir gemeinsam eine sch\u00f6ne Zeit haben. Wir versuchen durch unsere Hikes und unsere vielen Aktivit\u00e4ten einen Teamgeist zu entwickeln. Die Kinder r\u00fccken enger zusammen und lernen Vertrauen und Freundschaft zueinander aufzubauen.<\/p>\n\n\n\n<p>All diese Sachen w\u00e4ren in diesem Jahr entweder gar nicht oder nur in ver\u00e4nderter bzw. kleinerer Form m\u00f6glich. Wir selbst sind alles andere als gl\u00fccklich \u00fcber diese Ma\u00dfnahme, halten Sie jedoch trotzdem f\u00fcr richtig und angemessen.<\/p>\n\n\n\n<p>Alle bereits bezahlten Anmeldebeitr\u00e4ge f\u00fcr das Sommerlager werden wir in voller H\u00f6he erstatten!<\/p>\n\n\n\n<p>Trotz allem wollen wir unser Sommerlager nicht einfach absagen und in zwei Jahren erst wieder gemeinsam auf die Reise gehen. Wir werden unseren Rhythmus ver\u00e4ndern und <strong>im n\u00e4chsten Jahr <\/strong>zusammen ins Sommerlager fahren!<\/p>\n\n\n\n<p><strong>Wir verschieben also das Sommerlager auf die ersten drei Sommerferienwochen im Jahr 2021.<\/strong><\/p>\n\n\n\n<p>Tragt euch also schonmal den Zeitraum in eure Kalender ein!<\/p>\n\n\n\n<p>Wir hoffen, dass wir euch so bald wie m\u00f6glich alle wieder sehen.<\/p>\n\n\n\n<p>Bleibt gesund und &#8222;Gut Pfad!&#8220;<\/p>\n\n\n\n<p>Eure Leiterrunde<\/p>\n","protected":false},"excerpt":{"rendered":"<p>Liebe Pfadfinder des Stammes Selm, leider m\u00fcssen wir euch heute mitteilen, dass unser geplantes Sommerlager vom 27.06. bis 17.07 in diesem Jahr nicht stattfinden kann.<span class=\"read-more-link\"><a class=\"read-more\" href=\"https:\/\/www.pfadfinder-selm.de\/index.php\/2020\/04\/28\/absage-des-sommerlagers-2020\/\">Read More<\/a><\/span><\/p>\n","protected":false},"author":6,"featured_media":1210,"comment_status":"open","ping_status":"closed","sticky":false,"template":"","format":"standard","meta":{"jetpack_post_was_ever_published":false,"_jetpack_newsletter_access":"","_jetpack_dont_email_post_to_subs":false,"_jetpack_newsletter_tier_id":0,"_jetpack_memberships_contains_paywalled_content":false,"_jetpack_memberships_contains_paid_content":false,"footnotes":""},"categories":[1],"tags":[],"class_list":["post-1209","post","type-post","status-publish","format-standard","has-post-thumbnail","hentry","category-allgemein"],"jetpack_featured_media_url":"https:\/\/i0.wp.com\/www.pfadfinder-selm.de\/wp-content\/uploads\/2020\/04\/Sommerlager-Bild.png?fit=1184%2C885&ssl=1","jetpack_shortlink":"https:\/\/wp.me\/p9OEzS-jv","jetpack_sharing_enabled":true,"_links":{"self":[{"href":"https:\/\/www.pfadfinder-selm.de\/index.php\/wp-json\/wp\/v2\/posts\/1209","targetHints":{"allow":["GET"]}}],"collection":[{"href":"https:\/\/www.pfadfinder-selm.de\/index.php\/wp-json\/wp\/v2\/posts"}],"about":[{"href":"https:\/\/www.pfadfinder-selm.de\/index.php\/wp-json\/wp\/v2\/types\/post"}],"author":[{"embeddable":true,"href":"https:\/\/www.pfadfinder-selm.de\/index.php\/wp-json\/wp\/v2\/users\/6"}],"replies":[{"embeddable":true,"href":"https:\/\/www.pfadfinder-selm.de\/index.php\/wp-json\/wp\/v2\/comments?post=1209"}],"version-history":[{"count":1,"href":"https:\/\/www.pfadfinder-selm.de\/index.php\/wp-json\/wp\/v2\/posts\/1209\/revisions"}],"predecessor-version":[{"id":1211,"href":"https:\/\/www.pfadfinder-selm.de\/index.php\/wp-json\/wp\/v2\/posts\/1209\/revisions\/1211"}],"wp:featuredmedia":[{"embeddable":true,"href":"https:\/\/www.pfadfinder-selm.de\/index.php\/wp-json\/wp\/v2\/media\/1210"}],"wp:attachment":[{"href":"https:\/\/www.pfadfinder-selm.de\/index.php\/wp-json\/wp\/v2\/media?parent=1209"}],"wp:term":[{"taxonomy":"category","embeddable":true,"href":"https:\/\/www.pfadfinder-selm.de\/index.php\/wp-json\/wp\/v2\/categories?post=1209"},{"taxonomy":"post_tag","embeddable":true,"href":"https:\/\/www.pfadfinder-selm.de\/index.php\/wp-json\/wp\/v2\/tags?post=1209"}],"curies":[{"name":"wp","href":"https:\/\/api.w.org\/{rel}","templated":true}]}}