{"id":1197,"date":"2020-04-09T14:09:31","date_gmt":"2020-04-09T12:09:31","guid":{"rendered":"https:\/\/www.pfadfinder-selm.de\/?p=1197"},"modified":"2020-04-09T14:09:33","modified_gmt":"2020-04-09T12:09:33","slug":"absage-des-bezirkslagers-2020","status":"publish","type":"post","link":"https:\/\/www.pfadfinder-selm.de\/index.php\/2020\/04\/09\/absage-des-bezirkslagers-2020\/","title":{"rendered":"Absage des Bezirkslagers 2020"},"content":{"rendered":"\n<p>Liebe Pfadfinder des Stammes Selm,<\/p>\n\n\n\n<p>leider m\u00fcssen wir euch mitteilen, dass das Bezirkslager in diesem Jahr nicht stattfinden kann. Die gegebenen Umst\u00e4nde lassen eine Durchf\u00fchrung des Bezirkslagers nicht zu.<\/p>\n\n\n\n<p>Das Bezirkslager soll aber nicht einfach abgesagt werden, sondern soll nun vom <\/p>\n\n\n\n<p><strong>03.\u201306. Juni 2021 (Fronleichnam)<\/strong> stattfinden.<\/p>\n\n\n\n<p>Wir hoffen nat\u00fcrlich, dass Ihr euch dann im n\u00e4chsten Jahr zahlreich anmeldet!<\/p>\n\n\n\n<p>F\u00fcr alle, die bereits die Teilnehmer-Beitr\u00e4ge \u00fcberwiesen haben: Bitte setzt euch mit den Gruppenleitern eurer Kinder in Verbindung. Wir werden euch den gesamten Betrag zur\u00fcck\u00fcberweisen.<\/p>\n\n\n\n<p>Bei Fragen k\u00f6nnt Ihr euch nat\u00fcrlich gerne an uns wenden!<\/p>\n\n\n\n<p>Bleibt gesund und \u201eGut Pfad!<\/p>\n\n\n\n<p>Eure Leiterrunde<\/p>\n","protected":false},"excerpt":{"rendered":"<p>Liebe Pfadfinder des Stammes Selm, leider m\u00fcssen wir euch mitteilen, dass das Bezirkslager in diesem Jahr nicht stattfinden kann. Die gegebenen Umst\u00e4nde lassen eine Durchf\u00fchrung<span class=\"read-more-link\"><a class=\"read-more\" href=\"https:\/\/www.pfadfinder-selm.de\/index.php\/2020\/04\/09\/absage-des-bezirkslagers-2020\/\">Read More<\/a><\/span><\/p>\n","protected":false},"author":6,"featured_media":1145,"comment_status":"open","ping_status":"closed","sticky":false,"template":"","format":"standard","meta":{"jetpack_post_was_ever_published":false,"_jetpack_newsletter_access":"","_jetpack_dont_email_post_to_subs":false,"_jetpack_newsletter_tier_id":0,"_jetpack_memberships_contains_paywalled_content":false,"_jetpack_memberships_contains_paid_content":false,"footnotes":""},"categories":[1],"tags":[],"class_list":["post-1197","post","type-post","status-publish","format-standard","has-post-thumbnail","hentry","category-allgemein"],"jetpack_featured_media_url":"https:\/\/i0.wp.com\/www.pfadfinder-selm.de\/wp-content\/uploads\/2020\/03\/CDC-coronavirus-image-23311-for-web.jpg?fit=650%2C559&ssl=1","jetpack_shortlink":"https:\/\/wp.me\/p9OEzS-jj","jetpack_sharing_enabled":true,"_links":{"self":[{"href":"https:\/\/www.pfadfinder-selm.de\/index.php\/wp-json\/wp\/v2\/posts\/1197","targetHints":{"allow":["GET"]}}],"collection":[{"href":"https:\/\/www.pfadfinder-selm.de\/index.php\/wp-json\/wp\/v2\/posts"}],"about":[{"href":"https:\/\/www.pfadfinder-selm.de\/index.php\/wp-json\/wp\/v2\/types\/post"}],"author":[{"embeddable":true,"href":"https:\/\/www.pfadfinder-selm.de\/index.php\/wp-json\/wp\/v2\/users\/6"}],"replies":[{"embeddable":true,"href":"https:\/\/www.pfadfinder-selm.de\/index.php\/wp-json\/wp\/v2\/comments?post=1197"}],"version-history":[{"count":1,"href":"https:\/\/www.pfadfinder-selm.de\/index.php\/wp-json\/wp\/v2\/posts\/1197\/revisions"}],"predecessor-version":[{"id":1198,"href":"https:\/\/www.pfadfinder-selm.de\/index.php\/wp-json\/wp\/v2\/posts\/1197\/revisions\/1198"}],"wp:featuredmedia":[{"embeddable":true,"href":"https:\/\/www.pfadfinder-selm.de\/index.php\/wp-json\/wp\/v2\/media\/1145"}],"wp:attachment":[{"href":"https:\/\/www.pfadfinder-selm.de\/index.php\/wp-json\/wp\/v2\/media?parent=1197"}],"wp:term":[{"taxonomy":"category","embeddable":true,"href":"https:\/\/www.pfadfinder-selm.de\/index.php\/wp-json\/wp\/v2\/categories?post=1197"},{"taxonomy":"post_tag","embeddable":true,"href":"https:\/\/www.pfadfinder-selm.de\/index.php\/wp-json\/wp\/v2\/tags?post=1197"}],"curies":[{"name":"wp","href":"https:\/\/api.w.org\/{rel}","templated":true}]}}