{"id":1166,"date":"2020-03-23T22:08:27","date_gmt":"2020-03-23T21:08:27","guid":{"rendered":"https:\/\/www.pfadfinder-selm.de\/?p=1166"},"modified":"2020-04-02T01:41:21","modified_gmt":"2020-04-01T23:41:21","slug":"information-zu-anstehenden-lagern","status":"publish","type":"post","link":"https:\/\/www.pfadfinder-selm.de\/index.php\/2020\/03\/23\/information-zu-anstehenden-lagern\/","title":{"rendered":"Information zu anstehenden Lagern"},"content":{"rendered":"\n<p>Liebe Pfadfinder des Stammes Selm,<br><br>das Corona-Virus hat unser privates Leben fest im Griff. Eine solche Situation haben wir alle so noch nicht erlebt. Wir als Stamm versuchen das Pfadfinder-Leben durch Online-Gruppenstunden so gut es geht aufrecht zu erhalten. Trotzdem m\u00fcssen auch wir uns mit den Folgen des Corona-Virus f\u00fcr unsere diesj\u00e4hrigen Lager besch\u00e4ftigen. Dabei geht es um das Bezirkslager vom 11.-14.06 aber besonders um unser Sommerlager vom 27.06.-17.07. in diesem Jahr. Aktuell k\u00f6nnen wir aufgrund der dynamischen Situation leider noch keine finale Information \u00fcber das Stattfinden oder Nicht-Stattfinden der Lager geben. Trotzdem wollen wir euch folgendes mitteilen:<br><br>Bezirkslager 2020<br><br>Sobald wir seitens des Bezirks eine gesicherte Information erhalten, werden wir euch dar\u00fcber informieren, ob das Bezirkslager stattfinden kann oder nicht. Eine Anmeldung ist weiterhin m\u00f6glich. Die Gruppenleiter nehmen die ausgef\u00fcllten Anmeldungen weiterhin per Mail an. Alternativ k\u00f6nnen die Anmeldungen auch in die Briefk\u00e4sten der Gruppenleiter oder in den Briefkasten des Pfarrb\u00fcros (Ludgerikirchplatz 2) geworfen werden.<br><br>Sommerlager 2020<br><br>Hier wird es sp\u00e4testens bis zum 30. April eine finale Information \u00fcber das Stattfinden oder Nicht-Stattfinden des Sommerlagers geben. Wir m\u00f6chten hier noch die weiteren Entscheidungen der Landesregierung abwarten, welche Mitte April \u00fcber weitere Bestimmungen informieren wird.<br><br>Auch hier gilt aber: Meldet euch weiterhin an! Die Online Anmeldung \u00fcber unsere Homepage ist weiterhin m\u00f6glich und wir hoffen auf weitere Anmeldungen von euch! Sollten hierbei Fragen auftreten, kontaktiert uns gerne \u00fcber Facebook, per Mail oder \u00fcber die Gruppenleiter! Wir haben uns dazu entschlossen die Zahlung innerhalb von 60 Tagen nach Anmeldung auszusetzen und nur noch den 31. Mai als Zahlungsfrist beizubehalten.<br><br>Generell gilt: Bei einer Stornierung eines oder beider Lager erstattet der Stamm die gesamten Kosten, sodass niemandem ein finanzieller Nachteil entsteht.<br><br>Sollte es irgendwelche Probleme oder Fragen geben, kontaktiert uns gerne!<br><br>Bleibt gesund und \u201eGut Pfad\u201c!<\/p>\n\n\n\n<p>Eure Leiterrunde<\/p>\n","protected":false},"excerpt":{"rendered":"<p>Liebe Pfadfinder des Stammes Selm, das Corona-Virus hat unser privates Leben fest im Griff. Eine solche Situation haben wir alle so noch nicht erlebt. Wir<span class=\"read-more-link\"><a class=\"read-more\" href=\"https:\/\/www.pfadfinder-selm.de\/index.php\/2020\/03\/23\/information-zu-anstehenden-lagern\/\">Read More<\/a><\/span><\/p>\n","protected":false},"author":6,"featured_media":1167,"comment_status":"open","ping_status":"closed","sticky":false,"template":"","format":"standard","meta":{"jetpack_post_was_ever_published":false,"_jetpack_newsletter_access":"","_jetpack_dont_email_post_to_subs":false,"_jetpack_newsletter_tier_id":0,"_jetpack_memberships_contains_paywalled_content":false,"_jetpack_memberships_contains_paid_content":false,"footnotes":""},"categories":[1],"tags":[],"class_list":["post-1166","post","type-post","status-publish","format-standard","has-post-thumbnail","hentry","category-allgemein"],"jetpack_featured_media_url":"https:\/\/www.pfadfinder-selm.de\/wp-content\/uploads\/2020\/03\/Stammeslogo-pdf.jpg","jetpack_shortlink":"https:\/\/wp.me\/p9OEzS-iO","jetpack_sharing_enabled":true,"_links":{"self":[{"href":"https:\/\/www.pfadfinder-selm.de\/index.php\/wp-json\/wp\/v2\/posts\/1166","targetHints":{"allow":["GET"]}}],"collection":[{"href":"https:\/\/www.pfadfinder-selm.de\/index.php\/wp-json\/wp\/v2\/posts"}],"about":[{"href":"https:\/\/www.pfadfinder-selm.de\/index.php\/wp-json\/wp\/v2\/types\/post"}],"author":[{"embeddable":true,"href":"https:\/\/www.pfadfinder-selm.de\/index.php\/wp-json\/wp\/v2\/users\/6"}],"replies":[{"embeddable":true,"href":"https:\/\/www.pfadfinder-selm.de\/index.php\/wp-json\/wp\/v2\/comments?post=1166"}],"version-history":[{"count":2,"href":"https:\/\/www.pfadfinder-selm.de\/index.php\/wp-json\/wp\/v2\/posts\/1166\/revisions"}],"predecessor-version":[{"id":1173,"href":"https:\/\/www.pfadfinder-selm.de\/index.php\/wp-json\/wp\/v2\/posts\/1166\/revisions\/1173"}],"wp:featuredmedia":[{"embeddable":true,"href":"https:\/\/www.pfadfinder-selm.de\/index.php\/wp-json\/wp\/v2\/media\/1167"}],"wp:attachment":[{"href":"https:\/\/www.pfadfinder-selm.de\/index.php\/wp-json\/wp\/v2\/media?parent=1166"}],"wp:term":[{"taxonomy":"category","embeddable":true,"href":"https:\/\/www.pfadfinder-selm.de\/index.php\/wp-json\/wp\/v2\/categories?post=1166"},{"taxonomy":"post_tag","embeddable":true,"href":"https:\/\/www.pfadfinder-selm.de\/index.php\/wp-json\/wp\/v2\/tags?post=1166"}],"curies":[{"name":"wp","href":"https:\/\/api.w.org\/{rel}","templated":true}]}}