{"id":1146,"date":"2020-03-13T10:56:23","date_gmt":"2020-03-13T09:56:23","guid":{"rendered":"https:\/\/www.pfadfinder-selm.de\/?p=1146"},"modified":"2020-03-15T19:45:14","modified_gmt":"2020-03-15T18:45:14","slug":"sippenstunden-fallen-aus","status":"publish","type":"post","link":"https:\/\/www.pfadfinder-selm.de\/index.php\/2020\/03\/13\/sippenstunden-fallen-aus\/","title":{"rendered":"Sippenstunden werden ausgesetzt. UPDATE 15.03.20"},"content":{"rendered":"\n<p>Auf Grund der aktuellen Situation rund um das Thema Coronavirus, hat sich die Leiterrunde dazu entschlossen unserer Landesregierung zu folgen und <strong>alle<\/strong> Sippenstunden bis zum <strong>Ende der Osterferien<\/strong> (19.04.2020) auszusetzen.<\/p>\n\n\n\n<p>Neben den Sippenstunden werden auch unser geplanter <strong>Sommerlageranmeldetag<\/strong> am 21.03.20 im FindUs und auch unser diesj\u00e4hriges <strong>Osterfeuer<\/strong> <strong><em>NICHT<\/em><\/strong> stattfinden. <\/p>\n\n\n\n<p>F\u00fcr die Zeit nach den Osterferien k\u00f6nnen wir noch keine gesicherte Aussage treffen, der bisherige Stand ist, dass die Aktionen danach ganz normal stattfinden k\u00f6nnen.<\/p>\n\n\n\n<p>Mit besonderen Blick in Richtung <strong>Sommerlager<\/strong> m\u00f6chten wir schon einmal darauf hinweisen, dass es durchaus m\u00f6glich ist dass das Sommerlager in diesem Jahr ausfallen muss. Die Entscheidung dar\u00fcber m\u00f6chten wir aber jetzt noch nicht treffen, sondern erst einmal die weitere Entwicklung beobachten. Zu gegebener Zeit werden wir euch dann \u00fcber die Entscheidung informieren.<\/p>\n\n\n\n<p>Sollten sich \u00c4nderungen ergeben werden wir euch sowohl hier als auch \u00fcber unsere Social-Media-Kan\u00e4le informieren.<\/p>\n\n\n\n<p>Vielen dank f\u00fcr euer Verst\u00e4ndnis und<\/p>\n\n\n\n<p>Gut Pfad<\/p>\n\n\n\n<p>Eure Leiterrunde<\/p>\n","protected":false},"excerpt":{"rendered":"<p>Auf Grund der aktuellen Situation rund um das Thema Coronavirus, hat sich die Leiterrunde dazu entschlossen unserer Landesregierung zu folgen und alle Sippenstunden bis zum<span class=\"read-more-link\"><a class=\"read-more\" href=\"https:\/\/www.pfadfinder-selm.de\/index.php\/2020\/03\/13\/sippenstunden-fallen-aus\/\">Read More<\/a><\/span><\/p>\n","protected":false},"author":1,"featured_media":1145,"comment_status":"open","ping_status":"closed","sticky":false,"template":"","format":"standard","meta":{"jetpack_post_was_ever_published":false,"_jetpack_newsletter_access":"","_jetpack_dont_email_post_to_subs":false,"_jetpack_newsletter_tier_id":0,"_jetpack_memberships_contains_paywalled_content":false,"_jetpack_memberships_contains_paid_content":false,"footnotes":""},"categories":[1],"tags":[],"class_list":["post-1146","post","type-post","status-publish","format-standard","has-post-thumbnail","hentry","category-allgemein"],"jetpack_featured_media_url":"https:\/\/i0.wp.com\/www.pfadfinder-selm.de\/wp-content\/uploads\/2020\/03\/CDC-coronavirus-image-23311-for-web.jpg?fit=650%2C559&ssl=1","jetpack_shortlink":"https:\/\/wp.me\/p9OEzS-iu","jetpack_sharing_enabled":true,"_links":{"self":[{"href":"https:\/\/www.pfadfinder-selm.de\/index.php\/wp-json\/wp\/v2\/posts\/1146","targetHints":{"allow":["GET"]}}],"collection":[{"href":"https:\/\/www.pfadfinder-selm.de\/index.php\/wp-json\/wp\/v2\/posts"}],"about":[{"href":"https:\/\/www.pfadfinder-selm.de\/index.php\/wp-json\/wp\/v2\/types\/post"}],"author":[{"embeddable":true,"href":"https:\/\/www.pfadfinder-selm.de\/index.php\/wp-json\/wp\/v2\/users\/1"}],"replies":[{"embeddable":true,"href":"https:\/\/www.pfadfinder-selm.de\/index.php\/wp-json\/wp\/v2\/comments?post=1146"}],"version-history":[{"count":7,"href":"https:\/\/www.pfadfinder-selm.de\/index.php\/wp-json\/wp\/v2\/posts\/1146\/revisions"}],"predecessor-version":[{"id":1154,"href":"https:\/\/www.pfadfinder-selm.de\/index.php\/wp-json\/wp\/v2\/posts\/1146\/revisions\/1154"}],"wp:featuredmedia":[{"embeddable":true,"href":"https:\/\/www.pfadfinder-selm.de\/index.php\/wp-json\/wp\/v2\/media\/1145"}],"wp:attachment":[{"href":"https:\/\/www.pfadfinder-selm.de\/index.php\/wp-json\/wp\/v2\/media?parent=1146"}],"wp:term":[{"taxonomy":"category","embeddable":true,"href":"https:\/\/www.pfadfinder-selm.de\/index.php\/wp-json\/wp\/v2\/categories?post=1146"},{"taxonomy":"post_tag","embeddable":true,"href":"https:\/\/www.pfadfinder-selm.de\/index.php\/wp-json\/wp\/v2\/tags?post=1146"}],"curies":[{"name":"wp","href":"https:\/\/api.w.org\/{rel}","templated":true}]}}