{"id":1120,"date":"2020-03-06T10:18:48","date_gmt":"2020-03-06T09:18:48","guid":{"rendered":"https:\/\/www.pfadfinder-selm.de\/?p=1120"},"modified":"2020-03-06T10:18:52","modified_gmt":"2020-03-06T09:18:52","slug":"sommerlager-2020","status":"publish","type":"post","link":"https:\/\/www.pfadfinder-selm.de\/index.php\/2020\/03\/06\/sommerlager-2020\/","title":{"rendered":"Sommerlager 2020"},"content":{"rendered":"\n<p>Liebe Pfadfinder, liebe Eltern,<\/p>\n\n\n\n<p>endlich\ngeht es wieder in unser Sommerlager! In diesem Jahr fahren wir vom 27. Juni bis\nzum 17. Juli nach Pegnitz in Bayern.<\/p>\n\n\n\n<p>Es wird eine Neuerung gegen\u00fcber den letzten Jahren geben. Zum einem, um Papier zu sparen und zum anderen um die Administration der Anmeldungen zu vereinfachen, haben wir uns dazu entschlossen die Anmeldung f\u00fcr das Sommerlager in diesem Jahr online zu machen. Weitere Informationen \u00fcber den Ablauf und den Anmeldeprozess erhaltet ihr<\/p>\n\n\n\n<p><a href=\"https:\/\/www.pfadfinder-selm.de\/index.php\/veranstaltungen\/sommerlager-2020\/\">>> hier &lt;&lt;<\/a><\/p>\n\n\n\n<p>F\u00fcr\nden Fall, dass Ihr keine M\u00f6glichkeit f\u00fcr eine Online-Anmeldung habt oder f\u00fcr eventuell\naufgetretene Probleme, werden wir am 21. M\u00e4rz einen Anmelde-Tag machen, an dem\nIhr vorbeikommen k\u00f6nnt, um eure Kinder pers\u00f6nlich anzumelden. Ab 9 Uhr werden\nwir im FindUs (Overbergweg 6, 59379 Selm) f\u00fcr euch da sein und mit euch\nzusammen den Anmeldeprozess durchf\u00fchren. Bitte bringt ein wenig Zeit mit, damit\nalles richtig erfasst werden kann.<\/p>\n\n\n\n<p>Liebe\nGr\u00fc\u00dfe und \u201eGut Pfad!\u201c<\/p>\n\n\n\n<p>die\nLeiterrunde <\/p>\n","protected":false},"excerpt":{"rendered":"<p>Liebe Pfadfinder, liebe Eltern, endlich geht es wieder in unser Sommerlager! In diesem Jahr fahren wir vom 27. Juni bis zum 17. Juli nach Pegnitz<span class=\"read-more-link\"><a class=\"read-more\" href=\"https:\/\/www.pfadfinder-selm.de\/index.php\/2020\/03\/06\/sommerlager-2020\/\">Read More<\/a><\/span><\/p>\n","protected":false},"author":1,"featured_media":1121,"comment_status":"open","ping_status":"closed","sticky":false,"template":"","format":"standard","meta":{"jetpack_post_was_ever_published":false,"_jetpack_newsletter_access":"","_jetpack_dont_email_post_to_subs":false,"_jetpack_newsletter_tier_id":0,"_jetpack_memberships_contains_paywalled_content":false,"_jetpack_memberships_contains_paid_content":false,"footnotes":""},"categories":[1],"tags":[],"class_list":["post-1120","post","type-post","status-publish","format-standard","has-post-thumbnail","hentry","category-allgemein"],"jetpack_featured_media_url":"https:\/\/i0.wp.com\/www.pfadfinder-selm.de\/wp-content\/uploads\/2020\/03\/bonfire-burning-camp-campfire-1368382-scaled.jpg?fit=1707%2C2560&ssl=1","jetpack_shortlink":"https:\/\/wp.me\/p9OEzS-i4","jetpack_sharing_enabled":true,"_links":{"self":[{"href":"https:\/\/www.pfadfinder-selm.de\/index.php\/wp-json\/wp\/v2\/posts\/1120","targetHints":{"allow":["GET"]}}],"collection":[{"href":"https:\/\/www.pfadfinder-selm.de\/index.php\/wp-json\/wp\/v2\/posts"}],"about":[{"href":"https:\/\/www.pfadfinder-selm.de\/index.php\/wp-json\/wp\/v2\/types\/post"}],"author":[{"embeddable":true,"href":"https:\/\/www.pfadfinder-selm.de\/index.php\/wp-json\/wp\/v2\/users\/1"}],"replies":[{"embeddable":true,"href":"https:\/\/www.pfadfinder-selm.de\/index.php\/wp-json\/wp\/v2\/comments?post=1120"}],"version-history":[{"count":1,"href":"https:\/\/www.pfadfinder-selm.de\/index.php\/wp-json\/wp\/v2\/posts\/1120\/revisions"}],"predecessor-version":[{"id":1122,"href":"https:\/\/www.pfadfinder-selm.de\/index.php\/wp-json\/wp\/v2\/posts\/1120\/revisions\/1122"}],"wp:featuredmedia":[{"embeddable":true,"href":"https:\/\/www.pfadfinder-selm.de\/index.php\/wp-json\/wp\/v2\/media\/1121"}],"wp:attachment":[{"href":"https:\/\/www.pfadfinder-selm.de\/index.php\/wp-json\/wp\/v2\/media?parent=1120"}],"wp:term":[{"taxonomy":"category","embeddable":true,"href":"https:\/\/www.pfadfinder-selm.de\/index.php\/wp-json\/wp\/v2\/categories?post=1120"},{"taxonomy":"post_tag","embeddable":true,"href":"https:\/\/www.pfadfinder-selm.de\/index.php\/wp-json\/wp\/v2\/tags?post=1120"}],"curies":[{"name":"wp","href":"https:\/\/api.w.org\/{rel}","templated":true}]}}