{"id":1039,"date":"2019-12-31T13:56:26","date_gmt":"2019-12-31T12:56:26","guid":{"rendered":"https:\/\/www.pfadfinder-selm.de\/?p=1039"},"modified":"2019-12-31T13:56:30","modified_gmt":"2019-12-31T12:56:30","slug":"tannenbaumaktion-2020","status":"publish","type":"post","link":"https:\/\/www.pfadfinder-selm.de\/index.php\/2019\/12\/31\/tannenbaumaktion-2020\/","title":{"rendered":"Tannenbaumaktion 2020"},"content":{"rendered":"\n<p>Da uns schon einige Anfragen erreichen hier eine kurze Information.<\/p>\n\n\n\n<p>Wie in jedem Jahr werden wir auch im Januar 2020 wieder die Weihnachtsb\u00e4ume einsammeln. Dabei werde wir als Pfadfinder nur den Stadtteil Selm \u00fcbernehmen. In den Stadtteilen Bork und Cappenberg sammeln wir nicht, dort wird dies von anderen Gruppen \u00fcbernommen.<\/p>\n\n\n\n<p>Los geht es am Samstag, den 11. Januar 2020. Wir beginnen mit dem Sammeln ab etwa 9 Uhr. Ab diesem Zeitpunkt sollten die B\u00e4ume dann bereits am Stra\u00dfenrand liegen. Da wir nicht \u00fcberall gleichzeitig sein k\u00f6nnen, kann es auch vorkommen, dass wir erst im Nachmittagsbereich in deiner Stra\u00dfe sind. Wir bitten daher um etwas Geduld.<\/p>\n\n\n\n<p>Sollte es dennoch einmal vorgekommen sein, dass wir einen Baum haben liegen lassen, so k\u00f6nnt ihr uns an diesem Samstag unter der Rufnummer 02592 \/ 240996 erreichen.<\/p>\n\n\n\n<p>Wie auch in den vergangenen Jahren freuen wir uns \u00fcber eine Spende f\u00fcr unsere Jugendarbeit. Ihr erkennt unsere Leute an den Spendendosen.<\/p>\n\n\n\n<figure class=\"wp-block-image size-medium\"><img data-recalc-dims=\"1\" loading=\"lazy\" decoding=\"async\" width=\"300\" height=\"225\" data-attachment-id=\"1040\" data-permalink=\"https:\/\/www.pfadfinder-selm.de\/index.php\/2019\/12\/31\/tannenbaumaktion-2020\/img_0446\/\" data-orig-file=\"https:\/\/i0.wp.com\/www.pfadfinder-selm.de\/wp-content\/uploads\/2019\/12\/IMG_0446-scaled.jpg?fit=2560%2C1920&amp;ssl=1\" data-orig-size=\"2560,1920\" data-comments-opened=\"1\" data-image-meta=\"{&quot;aperture&quot;:&quot;2.4&quot;,&quot;credit&quot;:&quot;&quot;,&quot;camera&quot;:&quot;iPhone XS Max&quot;,&quot;caption&quot;:&quot;&quot;,&quot;created_timestamp&quot;:&quot;1547294082&quot;,&quot;copyright&quot;:&quot;&quot;,&quot;focal_length&quot;:&quot;6&quot;,&quot;iso&quot;:&quot;125&quot;,&quot;shutter_speed&quot;:&quot;0.01010101010101&quot;,&quot;title&quot;:&quot;&quot;,&quot;orientation&quot;:&quot;1&quot;}\" data-image-title=\"IMG_0446\" data-image-description=\"\" data-image-caption=\"\" data-large-file=\"https:\/\/i0.wp.com\/www.pfadfinder-selm.de\/wp-content\/uploads\/2019\/12\/IMG_0446-scaled.jpg?fit=1024%2C768&amp;ssl=1\" src=\"https:\/\/i0.wp.com\/www.pfadfinder-selm.de\/wp-content\/uploads\/2019\/12\/IMG_0446.jpg?resize=300%2C225&#038;ssl=1\" alt=\"\" class=\"wp-image-1040\"\/><\/figure>\n\n\n\n<p>Es wird in der Woche vor der Aktion aber auch noch einen Artikel in den RuhrNachrichten geben.<\/p>\n","protected":false},"excerpt":{"rendered":"<p>Da uns schon einige Anfragen erreichen hier eine kurze Information. Wie in jedem Jahr werden wir auch im Januar 2020 wieder die Weihnachtsb\u00e4ume einsammeln. Dabei<span class=\"read-more-link\"><a class=\"read-more\" href=\"https:\/\/www.pfadfinder-selm.de\/index.php\/2019\/12\/31\/tannenbaumaktion-2020\/\">Read More<\/a><\/span><\/p>\n","protected":false},"author":1,"featured_media":1041,"comment_status":"open","ping_status":"closed","sticky":false,"template":"","format":"standard","meta":{"jetpack_post_was_ever_published":false,"_jetpack_newsletter_access":"","_jetpack_dont_email_post_to_subs":false,"_jetpack_newsletter_tier_id":0,"_jetpack_memberships_contains_paywalled_content":false,"_jetpack_memberships_contains_paid_content":false,"footnotes":""},"categories":[1],"tags":[],"class_list":["post-1039","post","type-post","status-publish","format-standard","has-post-thumbnail","hentry","category-allgemein"],"jetpack_featured_media_url":"https:\/\/i0.wp.com\/www.pfadfinder-selm.de\/wp-content\/uploads\/2019\/12\/IMG_0447-scaled.jpg?fit=2560%2C1920&ssl=1","jetpack_shortlink":"https:\/\/wp.me\/p9OEzS-gL","jetpack_sharing_enabled":true,"_links":{"self":[{"href":"https:\/\/www.pfadfinder-selm.de\/index.php\/wp-json\/wp\/v2\/posts\/1039","targetHints":{"allow":["GET"]}}],"collection":[{"href":"https:\/\/www.pfadfinder-selm.de\/index.php\/wp-json\/wp\/v2\/posts"}],"about":[{"href":"https:\/\/www.pfadfinder-selm.de\/index.php\/wp-json\/wp\/v2\/types\/post"}],"author":[{"embeddable":true,"href":"https:\/\/www.pfadfinder-selm.de\/index.php\/wp-json\/wp\/v2\/users\/1"}],"replies":[{"embeddable":true,"href":"https:\/\/www.pfadfinder-selm.de\/index.php\/wp-json\/wp\/v2\/comments?post=1039"}],"version-history":[{"count":2,"href":"https:\/\/www.pfadfinder-selm.de\/index.php\/wp-json\/wp\/v2\/posts\/1039\/revisions"}],"predecessor-version":[{"id":1043,"href":"https:\/\/www.pfadfinder-selm.de\/index.php\/wp-json\/wp\/v2\/posts\/1039\/revisions\/1043"}],"wp:featuredmedia":[{"embeddable":true,"href":"https:\/\/www.pfadfinder-selm.de\/index.php\/wp-json\/wp\/v2\/media\/1041"}],"wp:attachment":[{"href":"https:\/\/www.pfadfinder-selm.de\/index.php\/wp-json\/wp\/v2\/media?parent=1039"}],"wp:term":[{"taxonomy":"category","embeddable":true,"href":"https:\/\/www.pfadfinder-selm.de\/index.php\/wp-json\/wp\/v2\/categories?post=1039"},{"taxonomy":"post_tag","embeddable":true,"href":"https:\/\/www.pfadfinder-selm.de\/index.php\/wp-json\/wp\/v2\/tags?post=1039"}],"curies":[{"name":"wp","href":"https:\/\/api.w.org\/{rel}","templated":true}]}}